{"id":1999,"date":"2018-01-31T20:33:36","date_gmt":"2018-01-31T19:33:36","guid":{"rendered":"http:\/\/agora.xtec.cat\/iesmontbui\/?p=1999"},"modified":"2018-01-31T20:36:51","modified_gmt":"2018-01-31T19:36:51","slug":"prova-davaluacio-de-quart-deso","status":"publish","type":"post","link":"https:\/\/agora.xtec.cat\/iesmontbui\/portada\/prova-davaluacio-de-quart-deso\/","title":{"rendered":"Prova d&#8217;avaluaci\u00f3 de quart d&#8217;ESO"},"content":{"rendered":"<p>\u00c9s una prova que avalua les compet\u00e8ncies i coneixements b\u00e0sics que ha d&#8217;haver adquirit l&#8217;alumnat al final de l&#8217;educaci\u00f3 secund\u00e0ria obligat\u00f2ria en compet\u00e8ncia comunicativa ling\u00fc\u00edstica (en llengua catalana, castellana i estrangera), en compet\u00e8ncia matem\u00e0tica i en compet\u00e8ncia cientificotecnol\u00f2gica..<\/p>\n<p>\u00c9s una avaluaci\u00f3 externa de car\u00e0cter informatiu, formatiu i orientador, que vol ser una eina al servei dels centres, del professorat i de l&#8217;alumnat per impulsar la millora global del sistema educatiu catal\u00e0. \u00c9s una activitat educativa i, com a tal, t\u00e9 car\u00e0cter obligatori, at\u00e8s que est\u00e0 configurada com un dret i un deure dels alumnes. Les proves estan dissenyades pel\u00a0<strong>Consell Superior d\u2019Avaluaci\u00f3 del Sistema Educatiu, o<\/strong>rganisme responsable de tota l&#8217;avaluaci\u00f3 del sistema educatiu, tant en resultats d&#8217;aprenentatge com en d&#8217;altres aspectes.<\/p>\n<p>Al ser una avaluaci\u00f3 externa el centre de INS Montbui rebr\u00e0 avluadors d&#8217;altres centres de la comarca, per tal de realitzar les proves corresponents, aix\u00ed com professorat del nostre centre es destina a altres centres colindants.<\/p>\n<p>La prova s&#8217;aplicar\u00e0 el dimarts dia 6 de febrer i el dimecres dia 7 de febrer de 2018.\u00a0L&#8217;horari de les proves ser\u00e0 el seg\u00fcent:<\/p>\n<p><strong>Dimarts, 6 de febrer<\/strong><\/p>\n<ul>\n<li>9 &#8211; 10 h \u00a0 \u00a0 \u00a0 \u00a0 \u00a0 \u00a0 Llengua castellana<\/li>\n<li>10 &#8211; 11 h \u00a0 \u00a0 \u00a0 \u00a0 \u00a0 Matem\u00e0tiques<\/li>\n<li>11 &#8211; 11.30 h \u00a0 \u00a0\u00a0\u00a0 Descans<\/li>\n<li>11.30 -12.30 h \u00a0 Llengua catalana<\/li>\n<\/ul>\n<p><strong>Dimecres, 7 de febrer<\/strong><\/p>\n<ul>\n<li>9 &#8211; 10.15 h \u00a0 \u00a0 \u00a0 \u00a0 \u00c0mbit cientificotecnol\u00f2gic<\/li>\n<li>10.15 &#8211; 11.30 h \u00a0 Llengua estrangera<\/li>\n<li>11.30 &#8211; 12 h \u00a0 \u00a0 \u00a0 Descans<\/li>\n<\/ul>\n<p>Els resultats de dites proves es comunicaran a l&#8217;alumnat amb un informe del Departament d\u2019Ensenyament en qu\u00e8 es detallaran els resultats que hagin obtingut en cadascuna d&#8217;elles.<\/p>\n<p>A continuaci\u00f3 et proporconem lincs informatius sobre les proves:<\/p>\n<ul>\n<li><a href=\"http:\/\/csda.gencat.cat\/ca\/arees_d_actuacio\/avaluacions-consell\/avaluacio-quart-eso\/2018\/\" target=\"_blank\" rel=\"noopener noreferrer\">P\u00e0gina web general informativa<\/a><\/li>\n<li><a href=\"http:\/\/csda.gencat.cat\/web\/.content\/home\/consell_superior_d_avalua\/pdf_i_altres\/prova_avaluacio_eso_2018\/info-alumnes-4S-2018.pdf\" target=\"_blank\" rel=\"noopener noreferrer\">Dossier informatiu per l&#8217;alumnat<\/a><\/li>\n<li><a href=\"http:\/\/csda.gencat.cat\/web\/.content\/home\/consell_superior_d_avalua\/pdf_i_altres\/prova_avaluacio_eso_2018\/INFO-families-4S-2018.pdf\">Dossier informatiu per\u00a0les fam\u00edlies\u00a0<\/a><\/li>\n<\/ul>\n","protected":false},"excerpt":{"rendered":"<p>\u00c9s una prova que avalua les compet\u00e8ncies i coneixements b\u00e0sics que ha d&#8217;haver adquirit l&#8217;alumnat al final de l&#8217;educaci\u00f3 secund\u00e0ria obligat\u00f2ria en compet\u00e8ncia comunicativa ling\u00fc\u00edstica (en llengua catalana, castellana i estrangera), en compet\u00e8ncia matem\u00e0tica i en compet\u00e8ncia cientificotecnol\u00f2gica..<br \/>\n\u00c9s una avaluaci\u00f3 externa de car\u00e0cter informatiu, formatiu&hellip;  <a href=\"https:\/\/agora.xtec.cat\/iesmontbui\/portada\/prova-davaluacio-de-quart-deso\/\" title=\"Read Prova d&#8217;avaluaci\u00f3 de quart d&#8217;ESO\">Llegeix m\u00e9s\u00bb<\/a><\/p>\n","protected":false},"author":1,"featured_media":2000,"comment_status":"open","ping_status":"closed","sticky":false,"template":"","format":"standard","meta":{"_bbp_topic_count":0,"_bbp_reply_count":0,"_bbp_total_topic_count":0,"_bbp_total_reply_count":0,"_bbp_voice_count":0,"_bbp_anonymous_reply_count":0,"_bbp_topic_count_hidden":0,"_bbp_reply_count_hidden":0,"_bbp_forum_subforum_count":0,"footnotes":""},"categories":[29],"tags":[103],"class_list":["post-1999","post","type-post","status-publish","format-standard","has-post-thumbnail","hentry","category-portada","tag-informacio"],"post_mailing_queue_ids":[],"_links":{"self":[{"href":"https:\/\/agora.xtec.cat\/iesmontbui\/wp-json\/wp\/v2\/posts\/1999","targetHints":{"allow":["GET"]}}],"collection":[{"href":"https:\/\/agora.xtec.cat\/iesmontbui\/wp-json\/wp\/v2\/posts"}],"about":[{"href":"https:\/\/agora.xtec.cat\/iesmontbui\/wp-json\/wp\/v2\/types\/post"}],"author":[{"embeddable":true,"href":"https:\/\/agora.xtec.cat\/iesmontbui\/wp-json\/wp\/v2\/users\/1"}],"replies":[{"embeddable":true,"href":"https:\/\/agora.xtec.cat\/iesmontbui\/wp-json\/wp\/v2\/comments?post=1999"}],"version-history":[{"count":2,"href":"https:\/\/agora.xtec.cat\/iesmontbui\/wp-json\/wp\/v2\/posts\/1999\/revisions"}],"predecessor-version":[{"id":2002,"href":"https:\/\/agora.xtec.cat\/iesmontbui\/wp-json\/wp\/v2\/posts\/1999\/revisions\/2002"}],"wp:featuredmedia":[{"embeddable":true,"href":"https:\/\/agora.xtec.cat\/iesmontbui\/wp-json\/wp\/v2\/media\/2000"}],"wp:attachment":[{"href":"https:\/\/agora.xtec.cat\/iesmontbui\/wp-json\/wp\/v2\/media?parent=1999"}],"wp:term":[{"taxonomy":"category","embeddable":true,"href":"https:\/\/agora.xtec.cat\/iesmontbui\/wp-json\/wp\/v2\/categories?post=1999"},{"taxonomy":"post_tag","embeddable":true,"href":"https:\/\/agora.xtec.cat\/iesmontbui\/wp-json\/wp\/v2\/tags?post=1999"}],"curies":[{"name":"wp","href":"https:\/\/api.w.org\/{rel}","templated":true}]}}