{"id":1972,"date":"2018-01-30T22:44:03","date_gmt":"2018-01-30T21:44:03","guid":{"rendered":"http:\/\/agora.xtec.cat\/iesmontbui\/?p=1972"},"modified":"2018-01-30T22:44:03","modified_gmt":"2018-01-30T21:44:03","slug":"anem-al-teatre-la-casa-de-bernarda-alba","status":"publish","type":"post","link":"https:\/\/agora.xtec.cat\/iesmontbui\/general\/anem-al-teatre-la-casa-de-bernarda-alba\/","title":{"rendered":"Anem al teatre: &#8220;La casa de Bernarda Alba&#8221;"},"content":{"rendered":"<p>1L\u2019alumnat de batxillerat de l\u2019Institut Montbui va assistir a la representaci\u00f3 de l\u2019adaptaci\u00f3 de l\u2019obra \u201cLa casa de Bernarda Alba\u201d de Federico Garc\u00eda Lorca proposada pel programa Teatre i Literatura que organitza la Diputaci\u00f3 de Barcelona, a l\u2019Ateneu d\u2019Igualada.<br \/>\nL\u2019obra ens explica un drama familiar i vital on les protagonistes s\u00f3n dones que viuen oprimides sota la m\u00e0 ferma de la Bernarda, i que no poden ser lliures per a disfrutar de la pr\u00f2pia vitalitat i del qu\u00e8 comporta.<\/p>\n<p>L\u2019obra est\u00e0 estructurada en tres actes i onze seq\u00fc\u00e8ncies escollides magistralment de l\u2019obra. A dalt de l\u2019escenari, un triangle de tres dones: la Poncia, criada de la Bernarda, la jove Adela, filla de la Bernarda a la flor de la joventut, i la Bernarda acompanyada d\u2019un bast\u00f3, instrument de poder, dona cridada a ser la capdavantera de la casa familiar, vetllant pels costums i pel bon nom de la casa. L\u2019obra, a mida que avan\u00e7a, va anticipant el final tr\u00e0gic, a causa dels desitjos antag\u00f2nics entre la mare i les filles, concretament en la representaci\u00f3, la filla m\u00e9s jove, Adela.<br \/>\nL\u2019obra es representava amb un escenari decorat nom\u00e9s amb unes cadires de v\u00edmet, que donaven gran protagonisme a les actrius dalt de l\u2019escenari, amb molt\u00edssima for\u00e7a expressiva i vestides de negre rigor\u00f3s. L\u2019obra presentava un muntatge espl\u00e8ndid de llums i m\u00fasica que donava vivor a la representaci\u00f3.<br \/>\nUna vegada acabada l\u2019obra, l\u2019alumnat, content i satisfet, va poder fer preguntes a les actrius i la directora, que havia adaptat l\u2019obra, q\u00fcestions sobre el context d\u2019escriptura de l\u2019autor, la manera de fer l\u2019obra m\u00e9s contempor\u00e0nia i altres aspectes importants que mostra l\u2019obra i que trascendeixen el pas del temps.<\/p>\n","protected":false},"excerpt":{"rendered":"<p>1L\u2019alumnat de batxillerat de l\u2019Institut Montbui va assistir a la representaci\u00f3 de l\u2019adaptaci\u00f3 de l\u2019obra \u201cLa casa de Bernarda Alba\u201d de Federico Garc\u00eda Lorca proposada pel programa Teatre i Literatura que organitza la Diputaci\u00f3 de Barcelona, a l\u2019Ateneu d\u2019Igualada.<br \/>\nL\u2019obra ens explica un drama familiar i&hellip;  <a href=\"https:\/\/agora.xtec.cat\/iesmontbui\/general\/anem-al-teatre-la-casa-de-bernarda-alba\/\" title=\"Read Anem al teatre: &#8220;La casa de Bernarda Alba&#8221;\">Llegeix m\u00e9s\u00bb<\/a><\/p>\n","protected":false},"author":55,"featured_media":1985,"comment_status":"open","ping_status":"closed","sticky":false,"template":"","format":"standard","meta":{"_bbp_topic_count":0,"_bbp_reply_count":0,"_bbp_total_topic_count":0,"_bbp_total_reply_count":0,"_bbp_voice_count":0,"_bbp_anonymous_reply_count":0,"_bbp_topic_count_hidden":0,"_bbp_reply_count_hidden":0,"_bbp_forum_subforum_count":0,"footnotes":""},"categories":[1,29],"tags":[110,39],"class_list":["post-1972","post","type-post","status-publish","format-standard","has-post-thumbnail","hentry","category-general","category-portada","tag-llengues","tag-sortides"],"post_mailing_queue_ids":[],"_links":{"self":[{"href":"https:\/\/agora.xtec.cat\/iesmontbui\/wp-json\/wp\/v2\/posts\/1972","targetHints":{"allow":["GET"]}}],"collection":[{"href":"https:\/\/agora.xtec.cat\/iesmontbui\/wp-json\/wp\/v2\/posts"}],"about":[{"href":"https:\/\/agora.xtec.cat\/iesmontbui\/wp-json\/wp\/v2\/types\/post"}],"author":[{"embeddable":true,"href":"https:\/\/agora.xtec.cat\/iesmontbui\/wp-json\/wp\/v2\/users\/55"}],"replies":[{"embeddable":true,"href":"https:\/\/agora.xtec.cat\/iesmontbui\/wp-json\/wp\/v2\/comments?post=1972"}],"version-history":[{"count":3,"href":"https:\/\/agora.xtec.cat\/iesmontbui\/wp-json\/wp\/v2\/posts\/1972\/revisions"}],"predecessor-version":[{"id":1986,"href":"https:\/\/agora.xtec.cat\/iesmontbui\/wp-json\/wp\/v2\/posts\/1972\/revisions\/1986"}],"wp:featuredmedia":[{"embeddable":true,"href":"https:\/\/agora.xtec.cat\/iesmontbui\/wp-json\/wp\/v2\/media\/1985"}],"wp:attachment":[{"href":"https:\/\/agora.xtec.cat\/iesmontbui\/wp-json\/wp\/v2\/media?parent=1972"}],"wp:term":[{"taxonomy":"category","embeddable":true,"href":"https:\/\/agora.xtec.cat\/iesmontbui\/wp-json\/wp\/v2\/categories?post=1972"},{"taxonomy":"post_tag","embeddable":true,"href":"https:\/\/agora.xtec.cat\/iesmontbui\/wp-json\/wp\/v2\/tags?post=1972"}],"curies":[{"name":"wp","href":"https:\/\/api.w.org\/{rel}","templated":true}]}}