{"id":1960,"date":"2018-01-08T09:39:36","date_gmt":"2018-01-08T08:39:36","guid":{"rendered":"http:\/\/agora.xtec.cat\/iesmontbui\/?p=1960"},"modified":"2018-01-25T09:41:01","modified_gmt":"2018-01-25T08:41:01","slug":"sortida-a-la-colonia-vidal-de-4t-deso","status":"publish","type":"post","link":"https:\/\/agora.xtec.cat\/iesmontbui\/portada\/sortida-a-la-colonia-vidal-de-4t-deso\/","title":{"rendered":"Sortida a la Col\u00f2nia Vidal de 4t d&#8217;ESO"},"content":{"rendered":"<p>El dia 1 de desembre tots els alumnes de 4t van fer una sortida a la Col\u00f2nia Vidal de Puig-Reig. \u00c9s un exemple de col\u00f2nia t\u00e8xtil amb tots els elements m\u00e9s caracter\u00edstics d&#8217;aquests conjunts urbans tan singulars.<\/p>\n<p>Des dels telers a les cases i altres construccions singulars, la visita mostra tots els racons de la col\u00f2nia, conservant la gran majoria de peces originals de l&#8217;\u00e8poca. Fins i tot es poden veure els telers en ple funcionament!<\/p>\n<p>L&#8217;activitat va ser molt ben valorada per part d&#8217;alumnes i professors i aqu\u00ed us presentem una mostra del treballs audiovisuals que es van fer.<\/p>\n<p style=\"text-align: center;\">\u00a0<iframe loading=\"lazy\" src=\"https:\/\/drive.google.com\/file\/d\/1U8UhplaniqJQu7HH-A6rthel6H4xsER3\/preview\" width=\"640\" height=\"480\"><\/iframe><\/p>\n","protected":false},"excerpt":{"rendered":"<p>El dia 1 de desembre tots els alumnes de 4t van fer una sortida a la Col\u00f2nia Vidal de Puig-Reig. \u00c9s un exemple de col\u00f2nia t\u00e8xtil amb tots els elements m\u00e9s caracter\u00edstics d&#8217;aquests conjunts urbans tan singulars.<br \/>\nDes dels telers a les cases i altres construccions&hellip;  <a href=\"https:\/\/agora.xtec.cat\/iesmontbui\/portada\/sortida-a-la-colonia-vidal-de-4t-deso\/\" title=\"Read Sortida a la Col\u00f2nia Vidal de 4t d&#8217;ESO\">Llegeix m\u00e9s\u00bb<\/a><\/p>\n","protected":false},"author":1,"featured_media":1961,"comment_status":"open","ping_status":"closed","sticky":false,"template":"","format":"standard","meta":{"_bbp_topic_count":0,"_bbp_reply_count":0,"_bbp_total_topic_count":0,"_bbp_total_reply_count":0,"_bbp_voice_count":0,"_bbp_anonymous_reply_count":0,"_bbp_topic_count_hidden":0,"_bbp_reply_count_hidden":0,"_bbp_forum_subforum_count":0,"footnotes":""},"categories":[29],"tags":[106,39],"class_list":["post-1960","post","type-post","status-publish","format-standard","has-post-thumbnail","hentry","category-portada","tag-socials","tag-sortides"],"post_mailing_queue_ids":[],"_links":{"self":[{"href":"https:\/\/agora.xtec.cat\/iesmontbui\/wp-json\/wp\/v2\/posts\/1960","targetHints":{"allow":["GET"]}}],"collection":[{"href":"https:\/\/agora.xtec.cat\/iesmontbui\/wp-json\/wp\/v2\/posts"}],"about":[{"href":"https:\/\/agora.xtec.cat\/iesmontbui\/wp-json\/wp\/v2\/types\/post"}],"author":[{"embeddable":true,"href":"https:\/\/agora.xtec.cat\/iesmontbui\/wp-json\/wp\/v2\/users\/1"}],"replies":[{"embeddable":true,"href":"https:\/\/agora.xtec.cat\/iesmontbui\/wp-json\/wp\/v2\/comments?post=1960"}],"version-history":[{"count":1,"href":"https:\/\/agora.xtec.cat\/iesmontbui\/wp-json\/wp\/v2\/posts\/1960\/revisions"}],"predecessor-version":[{"id":1962,"href":"https:\/\/agora.xtec.cat\/iesmontbui\/wp-json\/wp\/v2\/posts\/1960\/revisions\/1962"}],"wp:featuredmedia":[{"embeddable":true,"href":"https:\/\/agora.xtec.cat\/iesmontbui\/wp-json\/wp\/v2\/media\/1961"}],"wp:attachment":[{"href":"https:\/\/agora.xtec.cat\/iesmontbui\/wp-json\/wp\/v2\/media?parent=1960"}],"wp:term":[{"taxonomy":"category","embeddable":true,"href":"https:\/\/agora.xtec.cat\/iesmontbui\/wp-json\/wp\/v2\/categories?post=1960"},{"taxonomy":"post_tag","embeddable":true,"href":"https:\/\/agora.xtec.cat\/iesmontbui\/wp-json\/wp\/v2\/tags?post=1960"}],"curies":[{"name":"wp","href":"https:\/\/api.w.org\/{rel}","templated":true}]}}