{"id":1898,"date":"2018-01-07T19:54:05","date_gmt":"2018-01-07T18:54:05","guid":{"rendered":"http:\/\/agora.xtec.cat\/iesmontbui\/?p=1898"},"modified":"2018-01-07T19:54:33","modified_gmt":"2018-01-07T18:54:33","slug":"treballem-per-competencies","status":"publish","type":"post","link":"https:\/\/agora.xtec.cat\/iesmontbui\/depmates\/treballem-per-competencies\/","title":{"rendered":"Treballem per compet\u00e8ncies!"},"content":{"rendered":"<p>Al departament de matem\u00e0tiques de l&#8217;Institut Montbui desenvolupem el treball a les aules a partir de les compet\u00e8ncies b\u00e0siques determinades al curr\u00edculum de secund\u00e0ria del Departament d&#8217;ensenyament\u00a0de la Generalitat de Catalunya.<\/p>\n<p>Tal i com podeu veure als fulls de presentaci\u00f3 de l&#8217;assignatura, una major part del temps de l&#8217;alumnat volem que el dediqui a adquirir la compet\u00e8ncia matem\u00e0tica necess\u00e0ria junt amb tots els continguts que d&#8217;ella es desprenen. Per aix\u00f2, aprenem a trav\u00e9s d&#8217;activitats com:<\/p>\n<ul>\n<li>Activitats grupals i Treballs cooperatius<\/li>\n<li>Projectes tem\u00e0tics com &#8220;Fem un estudi estad\u00edstic&#8221; o &#8220;El millor joc del m\u00f3n&#8221;<\/li>\n<li>Desenvolupament de temes matem\u00e0tics espec\u00edfics per part de l&#8217;alumnat amb suports audiovisuals<\/li>\n<li>Exercitaci\u00f3 i millora del C\u00e0lcul Mental, amb l&#8217;aprenentatge d&#8217;estrat\u00e8gies per la millora de la velocitat mental<\/li>\n<li>Desenvolupament d&#8217;exercicis competencials<\/li>\n<\/ul>\n<p>Entre moltes d&#8217;altres que fan que l&#8217;alumnat pugui encarar l&#8217;assignatura de matem\u00e0tiques d&#8217;una forma m\u00e9s \u00fatil i aplicada.<\/p>\n","protected":false},"excerpt":{"rendered":"<p>Al departament de matem\u00e0tiques de l&#8217;Institut Montbui desenvolupem el treball a les aules a partir de les compet\u00e8ncies b\u00e0siques determinades al curr\u00edculum de secund\u00e0ria del Departament d&#8217;ensenyament\u00a0de la Generalitat de Catalunya.<br \/>\nTal i com podeu veure als fulls de presentaci\u00f3 de l&#8217;assignatura, una major part del&hellip;  <a href=\"https:\/\/agora.xtec.cat\/iesmontbui\/depmates\/treballem-per-competencies\/\" title=\"Read Treballem per compet\u00e8ncies!\">Llegeix m\u00e9s\u00bb<\/a><\/p>\n","protected":false},"author":1,"featured_media":1899,"comment_status":"closed","ping_status":"closed","sticky":true,"template":"","format":"standard","meta":{"_bbp_topic_count":0,"_bbp_reply_count":0,"_bbp_total_topic_count":0,"_bbp_total_reply_count":0,"_bbp_voice_count":0,"_bbp_anonymous_reply_count":0,"_bbp_topic_count_hidden":0,"_bbp_reply_count_hidden":0,"_bbp_forum_subforum_count":0,"footnotes":""},"categories":[119],"tags":[41],"class_list":["post-1898","post","type-post","status-publish","format-standard","has-post-thumbnail","hentry","category-depmates","tag-matematiques"],"post_mailing_queue_ids":[],"_links":{"self":[{"href":"https:\/\/agora.xtec.cat\/iesmontbui\/wp-json\/wp\/v2\/posts\/1898","targetHints":{"allow":["GET"]}}],"collection":[{"href":"https:\/\/agora.xtec.cat\/iesmontbui\/wp-json\/wp\/v2\/posts"}],"about":[{"href":"https:\/\/agora.xtec.cat\/iesmontbui\/wp-json\/wp\/v2\/types\/post"}],"author":[{"embeddable":true,"href":"https:\/\/agora.xtec.cat\/iesmontbui\/wp-json\/wp\/v2\/users\/1"}],"replies":[{"embeddable":true,"href":"https:\/\/agora.xtec.cat\/iesmontbui\/wp-json\/wp\/v2\/comments?post=1898"}],"version-history":[{"count":1,"href":"https:\/\/agora.xtec.cat\/iesmontbui\/wp-json\/wp\/v2\/posts\/1898\/revisions"}],"predecessor-version":[{"id":1900,"href":"https:\/\/agora.xtec.cat\/iesmontbui\/wp-json\/wp\/v2\/posts\/1898\/revisions\/1900"}],"wp:featuredmedia":[{"embeddable":true,"href":"https:\/\/agora.xtec.cat\/iesmontbui\/wp-json\/wp\/v2\/media\/1899"}],"wp:attachment":[{"href":"https:\/\/agora.xtec.cat\/iesmontbui\/wp-json\/wp\/v2\/media?parent=1898"}],"wp:term":[{"taxonomy":"category","embeddable":true,"href":"https:\/\/agora.xtec.cat\/iesmontbui\/wp-json\/wp\/v2\/categories?post=1898"},{"taxonomy":"post_tag","embeddable":true,"href":"https:\/\/agora.xtec.cat\/iesmontbui\/wp-json\/wp\/v2\/tags?post=1898"}],"curies":[{"name":"wp","href":"https:\/\/api.w.org\/{rel}","templated":true}]}}