{"id":1874,"date":"2017-12-26T13:24:00","date_gmt":"2017-12-26T12:24:00","guid":{"rendered":"http:\/\/agora.xtec.cat\/iesmontbui\/?p=1874"},"modified":"2017-12-26T13:24:31","modified_gmt":"2017-12-26T12:24:31","slug":"anem-al-teatre-a-veure-terra-baixa","status":"publish","type":"post","link":"https:\/\/agora.xtec.cat\/iesmontbui\/eso\/eso-3\/anem-al-teatre-a-veure-terra-baixa\/","title":{"rendered":"Anem al teatre a veure Terra baixa"},"content":{"rendered":"<p>Els alumnes de 3r d\u2019ESO i 2n de batxillerat van poder assistir a l\u2019adaptaci\u00f3 teatral de <em>Terra baixa<\/em> d\u2019\u00c0ngel Guimer\u00e0 al teatre Ateneu d\u2019Igualada el passat 27 de novembre.<\/p>\n<p>En aquesta funci\u00f3 els joves van poder gaudir d\u2019una selecci\u00f3 de les escenes m\u00e9s representatives de l\u2019obra de Guimer\u00e0 a trav\u00e9s dels tres personatges principals: Marta, Manelic i Sebasti\u00e0, els tres protagonistes del triangle amor\u00f3s. I alhora tamb\u00e9 eren els encarregats de mostrar la conducta humana dicot\u00f2mica entre el B\u00e9 i el Mal simbolitzada per la terra alta (pura i sense maldat) i la terra baixa (corrupta i plena d\u2019interessos). La representaci\u00f3 mostrava perfectament la societat rural catalana del s. xix.<\/p>\n<p>En acabar l\u2019espectacle, la companyia teatral va oferir un col\u00b7loqui molt profit\u00f3s amb els tres actors i el director. Aqu\u00ed l\u2019alumnat va poder aprofitar per fer preguntes sobre l\u2019adaptaci\u00f3, la posada en escena i es van intercanviar reflexions de la perviv\u00e8ncia d\u2019algun dels temes de l\u2019obra com ara el masclisme.<\/p>\n<p><a href=\"http:\/\/agora.xtec.cat\/iesmontbui\/wp-content\/uploads\/usu145\/2017\/12\/IMG_1184.jpg\"><img loading=\"lazy\" decoding=\"async\" class=\"aligncenter wp-image-1875 size-medium\" src=\"http:\/\/agora.xtec.cat\/iesmontbui\/wp-content\/uploads\/usu145\/2017\/12\/IMG_1184-300x199.jpg\" alt=\"\" width=\"300\" height=\"199\" srcset=\"https:\/\/agora.xtec.cat\/iesmontbui\/wp-content\/uploads\/usu145\/2017\/12\/IMG_1184-300x199.jpg 300w, https:\/\/agora.xtec.cat\/iesmontbui\/wp-content\/uploads\/usu145\/2017\/12\/IMG_1184-768x510.jpg 768w, https:\/\/agora.xtec.cat\/iesmontbui\/wp-content\/uploads\/usu145\/2017\/12\/IMG_1184-1024x680.jpg 1024w, https:\/\/agora.xtec.cat\/iesmontbui\/wp-content\/uploads\/usu145\/2017\/12\/IMG_1184.jpg 1600w\" sizes=\"auto, (max-width: 300px) 100vw, 300px\" \/><\/a><\/p>\n","protected":false},"excerpt":{"rendered":"<p>Els alumnes de 3r d\u2019ESO i 2n de batxillerat van poder assistir a l\u2019adaptaci\u00f3 teatral de Terra baixa d\u2019\u00c0ngel Guimer\u00e0 al teatre Ateneu d\u2019Igualada el passat 27 de novembre.<br \/>\nEn aquesta funci\u00f3 els joves van poder gaudir d\u2019una selecci\u00f3 de les escenes m\u00e9s representatives de l\u2019obra&hellip;  <a href=\"https:\/\/agora.xtec.cat\/iesmontbui\/eso\/eso-3\/anem-al-teatre-a-veure-terra-baixa\/\" title=\"Read Anem al teatre a veure Terra baixa\">Llegeix m\u00e9s\u00bb<\/a><\/p>\n","protected":false},"author":55,"featured_media":1875,"comment_status":"open","ping_status":"closed","sticky":false,"template":"","format":"standard","meta":{"_bbp_topic_count":0,"_bbp_reply_count":0,"_bbp_total_topic_count":0,"_bbp_total_reply_count":0,"_bbp_voice_count":0,"_bbp_anonymous_reply_count":0,"_bbp_topic_count_hidden":0,"_bbp_reply_count_hidden":0,"_bbp_forum_subforum_count":0,"footnotes":""},"categories":[68,6,29],"tags":[110,39],"class_list":["post-1874","post","type-post","status-publish","format-standard","has-post-thumbnail","hentry","category-batx-2","category-eso-3","category-portada","tag-llengues","tag-sortides"],"post_mailing_queue_ids":[],"_links":{"self":[{"href":"https:\/\/agora.xtec.cat\/iesmontbui\/wp-json\/wp\/v2\/posts\/1874","targetHints":{"allow":["GET"]}}],"collection":[{"href":"https:\/\/agora.xtec.cat\/iesmontbui\/wp-json\/wp\/v2\/posts"}],"about":[{"href":"https:\/\/agora.xtec.cat\/iesmontbui\/wp-json\/wp\/v2\/types\/post"}],"author":[{"embeddable":true,"href":"https:\/\/agora.xtec.cat\/iesmontbui\/wp-json\/wp\/v2\/users\/55"}],"replies":[{"embeddable":true,"href":"https:\/\/agora.xtec.cat\/iesmontbui\/wp-json\/wp\/v2\/comments?post=1874"}],"version-history":[{"count":2,"href":"https:\/\/agora.xtec.cat\/iesmontbui\/wp-json\/wp\/v2\/posts\/1874\/revisions"}],"predecessor-version":[{"id":1878,"href":"https:\/\/agora.xtec.cat\/iesmontbui\/wp-json\/wp\/v2\/posts\/1874\/revisions\/1878"}],"wp:featuredmedia":[{"embeddable":true,"href":"https:\/\/agora.xtec.cat\/iesmontbui\/wp-json\/wp\/v2\/media\/1875"}],"wp:attachment":[{"href":"https:\/\/agora.xtec.cat\/iesmontbui\/wp-json\/wp\/v2\/media?parent=1874"}],"wp:term":[{"taxonomy":"category","embeddable":true,"href":"https:\/\/agora.xtec.cat\/iesmontbui\/wp-json\/wp\/v2\/categories?post=1874"},{"taxonomy":"post_tag","embeddable":true,"href":"https:\/\/agora.xtec.cat\/iesmontbui\/wp-json\/wp\/v2\/tags?post=1874"}],"curies":[{"name":"wp","href":"https:\/\/api.w.org\/{rel}","templated":true}]}}