{"id":1861,"date":"2017-12-14T13:13:35","date_gmt":"2017-12-14T12:13:35","guid":{"rendered":"http:\/\/agora.xtec.cat\/iesmontbui\/?p=1861"},"modified":"2018-03-05T19:07:40","modified_gmt":"2018-03-05T18:07:40","slug":"els-volcans-entren-en-erupcio","status":"publish","type":"post","link":"https:\/\/agora.xtec.cat\/iesmontbui\/general\/els-volcans-entren-en-erupcio\/","title":{"rendered":"Els volcans entren en erupci\u00f3"},"content":{"rendered":"<p>Els alumnes de 1r d&#8217; ESO hem treballat els agents interns a la mat\u00e8ria de Ci\u00e8ncies Socials, i hem elaborat una maqueta d&#8217;un volc\u00e0 i\/ o d&#8217;un terratr\u00e8mol.<\/p>\n<p>Ha estat una tasca on cada alumne ha constru\u00eft la maqueta amb diversos materials, tant reciclats com no.<\/p>\n<p>Amb aquestes maquetes\u00a0 hem treballat l&#8217;estructura interna d&#8217;un volc\u00e0 i la seva erupci\u00f3.<\/p>\n\n\t\t<style type=\"text\/css\">\n\t\t\t#gallery-1 {\n\t\t\t\tmargin: auto;\n\t\t\t}\n\t\t\t#gallery-1 .gallery-item {\n\t\t\t\tfloat: left;\n\t\t\t\tmargin-top: 10px;\n\t\t\t\ttext-align: center;\n\t\t\t\twidth: 50%;\n\t\t\t}\n\t\t\t#gallery-1 img {\n\t\t\t\tborder: 2px solid #cfcfcf;\n\t\t\t}\n\t\t\t#gallery-1 .gallery-caption {\n\t\t\t\tmargin-left: 0;\n\t\t\t}\n\t\t\t\/* see gallery_shortcode() in wp-includes\/media.php *\/\n\t\t<\/style>\n\t\t<div id='gallery-1' class='gallery galleryid-1861 gallery-columns-2 gallery-size-medium'><dl class='gallery-item'>\n\t\t\t<dt class='gallery-icon landscape'>\n\t\t\t\t<a href='https:\/\/agora.xtec.cat\/iesmontbui\/general\/els-volcans-entren-en-erupcio\/attachment\/img_0631\/'><img loading=\"lazy\" decoding=\"async\" width=\"300\" height=\"224\" src=\"https:\/\/agora.xtec.cat\/iesmontbui\/wp-content\/uploads\/usu145\/2017\/12\/IMG_0631-300x224.jpg\" class=\"attachment-medium size-medium\" alt=\"\" srcset=\"https:\/\/agora.xtec.cat\/iesmontbui\/wp-content\/uploads\/usu145\/2017\/12\/IMG_0631-300x224.jpg 300w, https:\/\/agora.xtec.cat\/iesmontbui\/wp-content\/uploads\/usu145\/2017\/12\/IMG_0631-768x574.jpg 768w, https:\/\/agora.xtec.cat\/iesmontbui\/wp-content\/uploads\/usu145\/2017\/12\/IMG_0631-1024x765.jpg 1024w, https:\/\/agora.xtec.cat\/iesmontbui\/wp-content\/uploads\/usu145\/2017\/12\/IMG_0631-200x150.jpg 200w\" sizes=\"auto, (max-width: 300px) 100vw, 300px\" \/><\/a>\n\t\t\t<\/dt><\/dl><dl class='gallery-item'>\n\t\t\t<dt class='gallery-icon landscape'>\n\t\t\t\t<a href='https:\/\/agora.xtec.cat\/iesmontbui\/general\/els-volcans-entren-en-erupcio\/attachment\/img_0629\/'><img loading=\"lazy\" decoding=\"async\" width=\"300\" height=\"224\" src=\"https:\/\/agora.xtec.cat\/iesmontbui\/wp-content\/uploads\/usu145\/2017\/12\/IMG_0629-300x224.jpg\" class=\"attachment-medium size-medium\" alt=\"\" srcset=\"https:\/\/agora.xtec.cat\/iesmontbui\/wp-content\/uploads\/usu145\/2017\/12\/IMG_0629-300x224.jpg 300w, https:\/\/agora.xtec.cat\/iesmontbui\/wp-content\/uploads\/usu145\/2017\/12\/IMG_0629-768x574.jpg 768w, https:\/\/agora.xtec.cat\/iesmontbui\/wp-content\/uploads\/usu145\/2017\/12\/IMG_0629-1024x765.jpg 1024w, https:\/\/agora.xtec.cat\/iesmontbui\/wp-content\/uploads\/usu145\/2017\/12\/IMG_0629-200x150.jpg 200w\" sizes=\"auto, (max-width: 300px) 100vw, 300px\" \/><\/a>\n\t\t\t<\/dt><\/dl><br style=\"clear: both\" \/>\n\t\t<\/div>\n\n<p><iframe loading=\"lazy\" src=\"https:\/\/www.youtube.com\/embed\/SI5dsJXxGMw?rel=0\" width=\"560\" height=\"315\" frameborder=\"0\" allowfullscreen=\"allowfullscreen\"><\/iframe><\/p>\n","protected":false},"excerpt":{"rendered":"<p>Els alumnes de 1r d&#8217; ESO hem treballat els agents interns a la mat\u00e8ria de Ci\u00e8ncies Socials, i hem elaborat una maqueta d&#8217;un volc\u00e0 i\/ o d&#8217;un terratr\u00e8mol.<br \/>\nHa estat una tasca on cada alumne ha constru\u00eft la maqueta amb diversos materials, tant reciclats com no.<br \/>\nAmb&hellip;  <a href=\"https:\/\/agora.xtec.cat\/iesmontbui\/general\/els-volcans-entren-en-erupcio\/\" title=\"Read Els volcans entren en erupci\u00f3\">Llegeix m\u00e9s\u00bb<\/a><\/p>\n","protected":false},"author":54,"featured_media":1862,"comment_status":"open","ping_status":"closed","sticky":false,"template":"","format":"standard","meta":{"_bbp_topic_count":0,"_bbp_reply_count":0,"_bbp_total_topic_count":0,"_bbp_total_reply_count":0,"_bbp_voice_count":0,"_bbp_anonymous_reply_count":0,"_bbp_topic_count_hidden":0,"_bbp_reply_count_hidden":0,"_bbp_forum_subforum_count":0,"footnotes":""},"categories":[126,1,29],"tags":[105,109,107,108],"class_list":["post-1861","post","type-post","status-publish","format-standard","has-post-thumbnail","hentry","category-dephumanitats","category-general","category-portada","tag-activitats","tag-ciencies-socials","tag-eso-1","tag-portada"],"post_mailing_queue_ids":[],"_links":{"self":[{"href":"https:\/\/agora.xtec.cat\/iesmontbui\/wp-json\/wp\/v2\/posts\/1861","targetHints":{"allow":["GET"]}}],"collection":[{"href":"https:\/\/agora.xtec.cat\/iesmontbui\/wp-json\/wp\/v2\/posts"}],"about":[{"href":"https:\/\/agora.xtec.cat\/iesmontbui\/wp-json\/wp\/v2\/types\/post"}],"author":[{"embeddable":true,"href":"https:\/\/agora.xtec.cat\/iesmontbui\/wp-json\/wp\/v2\/users\/54"}],"replies":[{"embeddable":true,"href":"https:\/\/agora.xtec.cat\/iesmontbui\/wp-json\/wp\/v2\/comments?post=1861"}],"version-history":[{"count":3,"href":"https:\/\/agora.xtec.cat\/iesmontbui\/wp-json\/wp\/v2\/posts\/1861\/revisions"}],"predecessor-version":[{"id":1868,"href":"https:\/\/agora.xtec.cat\/iesmontbui\/wp-json\/wp\/v2\/posts\/1861\/revisions\/1868"}],"wp:featuredmedia":[{"embeddable":true,"href":"https:\/\/agora.xtec.cat\/iesmontbui\/wp-json\/wp\/v2\/media\/1862"}],"wp:attachment":[{"href":"https:\/\/agora.xtec.cat\/iesmontbui\/wp-json\/wp\/v2\/media?parent=1861"}],"wp:term":[{"taxonomy":"category","embeddable":true,"href":"https:\/\/agora.xtec.cat\/iesmontbui\/wp-json\/wp\/v2\/categories?post=1861"},{"taxonomy":"post_tag","embeddable":true,"href":"https:\/\/agora.xtec.cat\/iesmontbui\/wp-json\/wp\/v2\/tags?post=1861"}],"curies":[{"name":"wp","href":"https:\/\/api.w.org\/{rel}","templated":true}]}}