{"id":1759,"date":"2017-10-03T14:49:53","date_gmt":"2017-10-03T12:49:53","guid":{"rendered":"http:\/\/agora.xtec.cat\/iesmontbui\/?p=1759"},"modified":"2017-10-04T15:30:56","modified_gmt":"2017-10-04T13:30:56","slug":"lins-montbui-diu-no-a-la-violencia","status":"publish","type":"post","link":"https:\/\/agora.xtec.cat\/iesmontbui\/general\/lins-montbui-diu-no-a-la-violencia\/","title":{"rendered":"L&#8217;INS Montbui diu &#8220;No a la viol\u00e8ncia!&#8221;"},"content":{"rendered":"<p>Avui dilluns dia 2 d&#8217;octubre, a les 12 del migdia, l&#8217;institut Montbui ha aturar classes per tal de fer un minut de silenci i llegir un manifest per\u00a0 rebutjar i condemnar\u00a0la viol\u00e8ncia policial viscuda el dia anterior a Catalunya.<\/p>\n<p>El manifest, llegit per la directora Montserrat Costa, s&#8217;adjunta en la present not\u00edcia. En acabar aquest, la comunitat educativa reunida al pati de l&#8217;institut va fer un minut de silenci. Al finalitzar, professors i alumnes del centre van interpretar la can\u00e7\u00f3 &#8220;Imagine&#8221;.<\/p>\n<p>El manifest deia:<\/p>\n<blockquote><p>La comunitat educativa de l\u2019Institut Montbui rebutja i condemna\u00a0la viol\u00e8ncia policial contra persones pac\u00edfiques i indefenses, de\u00a0totes les edats i condici\u00f3, que en la jornada d\u2019ahir nom\u00e9s volien\u00a0exercir el seu dret democr\u00e0tic que \u00e9s votar.\u00a0El primer ministre de B\u00e8lgica i primer cap de govern de la Uni\u00f3\u00a0Europea ha dit \u201cla viol\u00e8ncia mai pot ser la resposta\u201d.\u00a0Aquesta comunitat educativa condemna totes les formes de<br \/>\nviol\u00e8ncia i reafirma que el DI\u00c0LEG i EL RESPECTE s\u00f3n els\u00a0principis b\u00e0sics de la conviv\u00e8ncia.\u00a0Som una societat de <strong>pau<\/strong> feta amb <strong>di\u00e0leg i respecte<\/strong>.\u00a0Cridem ben fort: <strong>No a la viol\u00e8ncia!!!!<\/strong><\/p><\/blockquote>\n\n\t\t<style type=\"text\/css\">\n\t\t\t#gallery-1 {\n\t\t\t\tmargin: auto;\n\t\t\t}\n\t\t\t#gallery-1 .gallery-item {\n\t\t\t\tfloat: left;\n\t\t\t\tmargin-top: 10px;\n\t\t\t\ttext-align: center;\n\t\t\t\twidth: 50%;\n\t\t\t}\n\t\t\t#gallery-1 img {\n\t\t\t\tborder: 2px solid #cfcfcf;\n\t\t\t}\n\t\t\t#gallery-1 .gallery-caption {\n\t\t\t\tmargin-left: 0;\n\t\t\t}\n\t\t\t\/* see gallery_shortcode() in wp-includes\/media.php *\/\n\t\t<\/style>\n\t\t<div id='gallery-1' class='gallery galleryid-1759 gallery-columns-2 gallery-size-medium'><dl class='gallery-item'>\n\t\t\t<dt class='gallery-icon landscape'>\n\t\t\t\t<a href='https:\/\/agora.xtec.cat\/iesmontbui\/general\/lins-montbui-diu-no-a-la-violencia\/attachment\/pati\/'><img loading=\"lazy\" decoding=\"async\" width=\"300\" height=\"225\" src=\"https:\/\/agora.xtec.cat\/iesmontbui\/wp-content\/uploads\/usu145\/2017\/10\/pati-300x225.jpg\" class=\"attachment-medium size-medium\" alt=\"\" aria-describedby=\"gallery-1-1764\" srcset=\"https:\/\/agora.xtec.cat\/iesmontbui\/wp-content\/uploads\/usu145\/2017\/10\/pati-300x225.jpg 300w, https:\/\/agora.xtec.cat\/iesmontbui\/wp-content\/uploads\/usu145\/2017\/10\/pati-768x576.jpg 768w, https:\/\/agora.xtec.cat\/iesmontbui\/wp-content\/uploads\/usu145\/2017\/10\/pati-1024x768.jpg 1024w, https:\/\/agora.xtec.cat\/iesmontbui\/wp-content\/uploads\/usu145\/2017\/10\/pati-200x150.jpg 200w\" sizes=\"auto, (max-width: 300px) 100vw, 300px\" \/><\/a>\n\t\t\t<\/dt>\n\t\t\t\t<dd class='wp-caption-text gallery-caption' id='gallery-1-1764'>\n\t\t\t\tConcentraci\u00f3 al pati\n\t\t\t\t<\/dd><\/dl><dl class='gallery-item'>\n\t\t\t<dt class='gallery-icon landscape'>\n\t\t\t\t<a href='https:\/\/agora.xtec.cat\/iesmontbui\/general\/lins-montbui-diu-no-a-la-violencia\/attachment\/img_20171002_120856\/'><img loading=\"lazy\" decoding=\"async\" width=\"300\" height=\"225\" src=\"https:\/\/agora.xtec.cat\/iesmontbui\/wp-content\/uploads\/usu145\/2017\/10\/IMG_20171002_120856-300x225.jpg\" class=\"attachment-medium size-medium\" alt=\"\" aria-describedby=\"gallery-1-1760\" srcset=\"https:\/\/agora.xtec.cat\/iesmontbui\/wp-content\/uploads\/usu145\/2017\/10\/IMG_20171002_120856-300x225.jpg 300w, https:\/\/agora.xtec.cat\/iesmontbui\/wp-content\/uploads\/usu145\/2017\/10\/IMG_20171002_120856-768x576.jpg 768w, https:\/\/agora.xtec.cat\/iesmontbui\/wp-content\/uploads\/usu145\/2017\/10\/IMG_20171002_120856-1024x768.jpg 1024w, https:\/\/agora.xtec.cat\/iesmontbui\/wp-content\/uploads\/usu145\/2017\/10\/IMG_20171002_120856-200x150.jpg 200w\" sizes=\"auto, (max-width: 300px) 100vw, 300px\" \/><\/a>\n\t\t\t<\/dt>\n\t\t\t\t<dd class='wp-caption-text gallery-caption' id='gallery-1-1760'>\n\t\t\t\tMinut de silenci\n\t\t\t\t<\/dd><\/dl><br style=\"clear: both\" \/>\n\t\t<\/div>\n\n","protected":false},"excerpt":{"rendered":"<p>Avui dilluns dia 2 d&#8217;octubre, a les 12 del migdia, l&#8217;institut Montbui ha aturar classes per tal de fer un minut de silenci i llegir un manifest per\u00a0 rebutjar i condemnar\u00a0la viol\u00e8ncia policial viscuda el dia anterior a Catalunya.<br \/>\nEl manifest, llegit per la directora Montserrat&hellip;  <a href=\"https:\/\/agora.xtec.cat\/iesmontbui\/general\/lins-montbui-diu-no-a-la-violencia\/\" title=\"Read L&#8217;INS Montbui diu &#8220;No a la viol\u00e8ncia!&#8221;\">Llegeix m\u00e9s\u00bb<\/a><\/p>\n","protected":false},"author":1,"featured_media":1760,"comment_status":"open","ping_status":"closed","sticky":false,"template":"","format":"standard","meta":{"_bbp_topic_count":0,"_bbp_reply_count":0,"_bbp_total_topic_count":0,"_bbp_total_reply_count":0,"_bbp_voice_count":0,"_bbp_anonymous_reply_count":0,"_bbp_topic_count_hidden":0,"_bbp_reply_count_hidden":0,"_bbp_forum_subforum_count":0,"footnotes":""},"categories":[1,29],"tags":[105],"class_list":["post-1759","post","type-post","status-publish","format-standard","has-post-thumbnail","hentry","category-general","category-portada","tag-activitats"],"post_mailing_queue_ids":[],"_links":{"self":[{"href":"https:\/\/agora.xtec.cat\/iesmontbui\/wp-json\/wp\/v2\/posts\/1759","targetHints":{"allow":["GET"]}}],"collection":[{"href":"https:\/\/agora.xtec.cat\/iesmontbui\/wp-json\/wp\/v2\/posts"}],"about":[{"href":"https:\/\/agora.xtec.cat\/iesmontbui\/wp-json\/wp\/v2\/types\/post"}],"author":[{"embeddable":true,"href":"https:\/\/agora.xtec.cat\/iesmontbui\/wp-json\/wp\/v2\/users\/1"}],"replies":[{"embeddable":true,"href":"https:\/\/agora.xtec.cat\/iesmontbui\/wp-json\/wp\/v2\/comments?post=1759"}],"version-history":[{"count":3,"href":"https:\/\/agora.xtec.cat\/iesmontbui\/wp-json\/wp\/v2\/posts\/1759\/revisions"}],"predecessor-version":[{"id":1766,"href":"https:\/\/agora.xtec.cat\/iesmontbui\/wp-json\/wp\/v2\/posts\/1759\/revisions\/1766"}],"wp:featuredmedia":[{"embeddable":true,"href":"https:\/\/agora.xtec.cat\/iesmontbui\/wp-json\/wp\/v2\/media\/1760"}],"wp:attachment":[{"href":"https:\/\/agora.xtec.cat\/iesmontbui\/wp-json\/wp\/v2\/media?parent=1759"}],"wp:term":[{"taxonomy":"category","embeddable":true,"href":"https:\/\/agora.xtec.cat\/iesmontbui\/wp-json\/wp\/v2\/categories?post=1759"},{"taxonomy":"post_tag","embeddable":true,"href":"https:\/\/agora.xtec.cat\/iesmontbui\/wp-json\/wp\/v2\/tags?post=1759"}],"curies":[{"name":"wp","href":"https:\/\/api.w.org\/{rel}","templated":true}]}}