{"id":1657,"date":"2017-06-05T00:02:28","date_gmt":"2017-06-04T22:02:28","guid":{"rendered":"http:\/\/agora.xtec.cat\/iesmontbui\/?p=1657"},"modified":"2018-01-02T20:34:53","modified_gmt":"2018-01-02T19:34:53","slug":"servei-comunitari","status":"publish","type":"post","link":"https:\/\/agora.xtec.cat\/iesmontbui\/general\/servei-comunitari\/","title":{"rendered":"SERVEI COMUNITARI"},"content":{"rendered":"<p>&nbsp;<\/p>\n<p><strong>SERVEI COMUNITARI<\/strong><\/p>\n<p>Aquesta \u00e9s una experi\u00e8ncia volunt\u00e0ria per alumnes de 4t d\u2019ESO que vulguin millorar la seva compet\u00e8ncia ciutadana involucrant-se en una activitat de voluntariat acordada amb entitats municipals i altres. Es fa mitjan\u00e7ant la metodologia d\u2019aprenentatge i servei i compromet els alumnes, amb el corresponent perm\u00eds patern, a realitzar una activitat volunt\u00e0ria d\u2019un m\u00ednim de 10 hores amb una de les entitats que han signat el protocol amb l\u2019institut.<\/p>\n<p><strong>Finalitat \u00faltima:<\/strong><\/p>\n<p>Garantir que els estudiants, al llarg de la seva traject\u00f2ria escolar, experimentin i protagonitzin accions de comprom\u00eds c\u00edvic, aprenguin en l\u2019exercici actiu de la ciutadania, i posin en joc els seus coneixements i capacitats al servei de la comunitat.<\/p>\n<p>S\u00f3n objectius del Servei comunitari els seg\u00fcents:<\/p>\n<ul>\n<li>Desenvolupar la compet\u00e8ncia social i ciutadana, afavorint una actitud cr\u00edtica i compromesa davant la societat, per tal d\u2019esdevenir membres actius en una societat catalana democr\u00e0tica i participativa.<\/li>\n<li>Desenvolupar habilitats relacionades amb el disseny i realitzaci\u00f3 de projectes i amb el treball d\u2019equip.<\/li>\n<li>Donar a con\u00e8ixer a l\u2019alumnat i les seves fam\u00edlies la xarxa associativa i les entitats de l\u2019entorn,\u00a0 per tal de promoure la participaci\u00f3 dels joves.<\/li>\n<li>Promoure el treball en xarxa entre els diferents agents educatius de l\u2019entorn.<\/li>\n<li>Donar una resposta educativa a les necessitats emergents de l\u2019entorn escolar.<\/li>\n<li>Augmentar la participaci\u00f3 en el teixit associatiu i les entitats de caire social per fomentar el comprom\u00eds amb la construcci\u00f3 d\u2019una societat m\u00e9s justa, cohesionada i arrelada al territori.<\/li>\n<\/ul>\n<p><strong>PROPOSTES REALITZADES<\/strong><\/p>\n<p>&#8211;<strong>Tallers de llengua<\/strong>: els alumnes van a educaci\u00f3 infantil de les escoles de prim\u00e0ria i llar d\u2019infants a fer de models ling\u00fc\u00edstics pels alumnes en llengua catalana.<\/p>\n<p>&#8211;<strong>Participaci\u00f3 ciutadana<\/strong>: tasques de suport a l\u2019estudi i dinamitzaci\u00f3 de grups amb entitats com INAMA. Tamb\u00e9 hem col\u00b7laborat amb Banc dels aliments, Banc de sang, Creu Roja. En la jornada x la conviv\u00e8ncia van col\u00b7laborar amb Fundaci\u00f3 Auria<\/p>\n<p>&#8211;<strong>Esports al pati:<\/strong> Dinamitzaci\u00f3 esportiva dels patis i suport al monitoratge esportiu. Educaci\u00f3 F\u00edsica.<\/p>\n<p>&#8211;<strong>Suport a la Biblioteca:<\/strong> els alumnes van a la biblioteca municipal per realitzar tasques com ajudar la bibliotec\u00e0ria en la classificaci\u00f3 i suport a la lectura. Lleng\u00fces.<\/p>\n<p>&#8211; <strong>Recuperaci\u00f3 de l\u2019entorn<\/strong>: els alumnes han anat a la Font Trobada per ajudar en tasques de recuperaci\u00f3 i altres per con\u00e8ixer l\u2019entorn, a m\u00e9s han participat en jornades \u201cLet\u2019s clean up Europe\u201d i \u201cJornada per la conviv\u00e8ncia\u201d(activitat horts socials).<\/p>\n<p>&#8211; <strong>Tutories entre iguals:<\/strong> un alumne de 4t ha anat a les tutories de 2n per fer una presentaci\u00f3 sobre el tema del \u201cbullying\u201d.<\/p>\n<p>&#8211; <strong>Coral: <\/strong>els alumnes de 4t que han participat a la coral del centre.<\/p>\n<p>Els alumnes han fet en total uns 70 serveis repartits en els tres trimestres de curs.<\/p>\n<div style=\"width: 480px;\" class=\"wp-video\"><!--[if lt IE 9]><script>document.createElement('video');<\/script><![endif]-->\n<video class=\"wp-video-shortcode\" id=\"video-1657-1\" width=\"480\" height=\"480\" preload=\"metadata\" controls=\"controls\"><source type=\"video\/mp4\" src=\"http:\/\/agora.xtec.cat\/iesmontbui\/wp-content\/uploads\/usu145\/2017\/06\/HORTS-SOCIALS.mp4?_=1\" \/><a href=\"http:\/\/agora.xtec.cat\/iesmontbui\/wp-content\/uploads\/usu145\/2017\/06\/HORTS-SOCIALS.mp4\">http:\/\/agora.xtec.cat\/iesmontbui\/wp-content\/uploads\/usu145\/2017\/06\/HORTS-SOCIALS.mp4<\/a><\/video><\/div>\n<p>&nbsp;<\/p>\n","protected":false},"excerpt":{"rendered":"<p>&nbsp;<br \/>\nSERVEI COMUNITARI<br \/>\nAquesta \u00e9s una experi\u00e8ncia volunt\u00e0ria per alumnes de 4t d\u2019ESO que vulguin millorar la seva compet\u00e8ncia ciutadana involucrant-se en una activitat de voluntariat acordada amb entitats municipals i altres. Es fa mitjan\u00e7ant la metodologia d\u2019aprenentatge i servei i compromet els alumnes, amb el corresponent&hellip;  <a href=\"https:\/\/agora.xtec.cat\/iesmontbui\/general\/servei-comunitari\/\" title=\"Read SERVEI COMUNITARI\">Llegeix m\u00e9s\u00bb<\/a><\/p>\n","protected":false},"author":1,"featured_media":1661,"comment_status":"open","ping_status":"closed","sticky":false,"template":"","format":"standard","meta":{"_bbp_topic_count":0,"_bbp_reply_count":0,"_bbp_total_topic_count":0,"_bbp_total_reply_count":0,"_bbp_voice_count":0,"_bbp_anonymous_reply_count":0,"_bbp_topic_count_hidden":0,"_bbp_reply_count_hidden":0,"_bbp_forum_subforum_count":0,"footnotes":""},"categories":[1,29],"tags":[],"class_list":["post-1657","post","type-post","status-publish","format-standard","has-post-thumbnail","hentry","category-general","category-portada"],"post_mailing_queue_ids":[],"_links":{"self":[{"href":"https:\/\/agora.xtec.cat\/iesmontbui\/wp-json\/wp\/v2\/posts\/1657","targetHints":{"allow":["GET"]}}],"collection":[{"href":"https:\/\/agora.xtec.cat\/iesmontbui\/wp-json\/wp\/v2\/posts"}],"about":[{"href":"https:\/\/agora.xtec.cat\/iesmontbui\/wp-json\/wp\/v2\/types\/post"}],"author":[{"embeddable":true,"href":"https:\/\/agora.xtec.cat\/iesmontbui\/wp-json\/wp\/v2\/users\/1"}],"replies":[{"embeddable":true,"href":"https:\/\/agora.xtec.cat\/iesmontbui\/wp-json\/wp\/v2\/comments?post=1657"}],"version-history":[{"count":3,"href":"https:\/\/agora.xtec.cat\/iesmontbui\/wp-json\/wp\/v2\/posts\/1657\/revisions"}],"predecessor-version":[{"id":1662,"href":"https:\/\/agora.xtec.cat\/iesmontbui\/wp-json\/wp\/v2\/posts\/1657\/revisions\/1662"}],"wp:featuredmedia":[{"embeddable":true,"href":"https:\/\/agora.xtec.cat\/iesmontbui\/wp-json\/wp\/v2\/media\/1661"}],"wp:attachment":[{"href":"https:\/\/agora.xtec.cat\/iesmontbui\/wp-json\/wp\/v2\/media?parent=1657"}],"wp:term":[{"taxonomy":"category","embeddable":true,"href":"https:\/\/agora.xtec.cat\/iesmontbui\/wp-json\/wp\/v2\/categories?post=1657"},{"taxonomy":"post_tag","embeddable":true,"href":"https:\/\/agora.xtec.cat\/iesmontbui\/wp-json\/wp\/v2\/tags?post=1657"}],"curies":[{"name":"wp","href":"https:\/\/api.w.org\/{rel}","templated":true}]}}