{"id":1653,"date":"2017-06-02T07:28:45","date_gmt":"2017-06-02T05:28:45","guid":{"rendered":"http:\/\/agora.xtec.cat\/iesmontbui\/?p=1653"},"modified":"2017-06-02T07:29:43","modified_gmt":"2017-06-02T05:29:43","slug":"trobada-del-projecte-erasmus-a-linstitut-de-montbui","status":"publish","type":"post","link":"https:\/\/agora.xtec.cat\/iesmontbui\/general\/trobada-del-projecte-erasmus-a-linstitut-de-montbui\/","title":{"rendered":"Trobada del projecte Erasmus + a l\u2019Institut de Montbui"},"content":{"rendered":"<h2><b><i>Trobada del projecte Erasmus + a l\u2019Institut de Montbui<\/i><\/b><\/h2>\n<p>&nbsp;<\/p>\n<p><span style=\"font-weight: 400;\">El passat 24 d\u2019abril el nostre Institut va rebre un grup d\u2019alumnes i \u00a0professors dels 8 pa\u00efsos europeus associats (Fran\u00e7a, Cro\u00e0cia, It\u00e0lia, Pol\u00f2nia, Eslov\u00e0quia, Litu\u00e0nia, Portugal i Su\u00e8cia) que ens venien a visitar en el marc del Projecte Erasmus + <\/span><i><span style=\"font-weight: 400;\">\u201cCan you tell me the way to&#8230;? Tracing our European identity on foot\u201d<\/span><\/i><span style=\"font-weight: 400;\">. <\/span><\/p>\n<p>&nbsp;<\/p>\n<p><span style=\"font-weight: 400;\">Els principals objectius de la trobada eren d\u2019una banda, compartir el treball realitzat durant el curs a cadascun dels centres educatius (rutes a peu geolocalitzades i pujades a Wikiloc, esp\u00e8cies de plantes descobertes durant els recorreguts i compartides al web del projecte Noah, v\u00eddeos <\/span><i><span style=\"font-weight: 400;\">Un dia a la vida de.<\/span><\/i><span style=\"font-weight: 400;\">..) i de l\u2019altra, utilitzar la llengua anglesa en un context real ja que els 34 alumnes estrangers es van allotjar a casa dels nostres alumnes.<\/span><\/p>\n<p>&nbsp;<\/p>\n<p><span style=\"font-weight: 400;\">El dilluns 24 d\u2019abril vam visitar el Museu Mar\u00edtim de les Drassanes Reials de Barcelona, per tal d\u2019entendre l\u2019important paper que el comer\u00e7 per la Mediterr\u00e0nia va tenir en l\u2019esplendor de la corona catalano-aragonesa a l\u2019\u00e8poca medieval. Despr\u00e9s d\u2019aquesta visita, ens vam traslladar a Montserrat. All\u00e0 l\u2019associaci\u00f3 dels \u201cAmics del cam\u00ed de Sant Jaume\u201d (<\/span><a href=\"http:\/\/www.amicscsj.esy.es\/novetats.html\"><span style=\"font-weight: 400;\">www.amicscsj.esy.es\/novetats.html<\/span><\/a><span style=\"font-weight: 400;\">) ens van rebre a l\u2019alberg del pelegr\u00ed, ens van explicar el significat del cam\u00ed i el pelegrinatge i despr\u00e9s de donar-nos la credencial, vam anar tots junts a la bas\u00edlica per rebre la benedicci\u00f3 del pelegr\u00ed per part d\u2019un monjo benedict\u00ed. Tot seguit el bus ens va portar fins a Can ma\u00e7ana on vam comen\u00e7ar la ruta a peu fins a Castellol\u00ed. <\/span><\/p>\n<p>&nbsp;<\/p>\n<p><span style=\"font-weight: 400;\">El dimarts 25 va haver-hi la rebuda del grup a l\u2018Institut. Despr\u00e9s de donar-los la benvinguda, els alumnes van anar fins al Museu de la pell d\u2019Igualada \u00a0per tal de visitar l\u2019adoberia de Cal Granotes i fer un taller de confecci\u00f3 d\u2019una petxina (s\u00edmbol del cam\u00ed) en pell, mentre els professors ens vam quedar a l\u2019Institut per preparar l\u2019informe final del projecte. Un cop acabada la reuni\u00f3 de treball, vam visitar el Museu del Traginer i despr\u00e9s vam tornar a l\u2019institut per compartir un arr\u00f2s amb el professorat del mateix, aprofitant que aquest curs 2016\/2017 es celebra el vint\u00e8 aniversari de l\u2019Institut Montbui. Despr\u00e9s de dinar el grup va anar a La Tossa, on uns alumnes de batxillerat van fer una visita guiada per explicar els principals trets del paisatge, l\u2019arquitectura i l\u2019origen hist\u00f2ric del castell i l\u2019ermita. Quan ja es feia de nit, els <\/span><i><span style=\"font-weight: 400;\">Amics del cam\u00ed de Sant Jaume<\/span><\/i><span style=\"font-weight: 400;\"> ens van oferir una \u00a0xerrada sobre el sentit de fer el \u201cCamino de Santiago\u201d a l\u2019interior de l\u2019ermita.<\/span><\/p>\n<p>&nbsp;<\/p>\n<p><span style=\"font-weight: 400;\">Dimecres vam despla\u00e7ar-nos fins a Poblet, per resseguir a peu un tram de l\u2019antiga cabanera (cam\u00ed ramader) que unia les pastures d\u2019hivern -situades al voltant del monestir de Poblet- amb les d\u2019estiu \u2013situades a les muntanyes de Prades-. Despr\u00e9s de la caminada d\u2019uns 9 km vam visitar el monestir de Poblet per entendre la import\u00e0ncia que van tenir els monestirs cistercencs en la repoblaci\u00f3 de la Catalunya Nova en \u00e8poca medieval. A la tarda vam anar fins el poble de Capafonts per con\u00e8ixer el Sergi i el seu ramat de cabres&#8230;i per tastar els formatges i mat\u00f3 que fa a la seva formatgeria. De les seves explicacions en vam extreure material per preparar el v\u00eddeo <\/span><i><span style=\"font-weight: 400;\">Un dia a la vida de&#8230;un pastor<\/span><\/i><span style=\"font-weight: 400;\">.<\/span><\/p>\n<p>&nbsp;<\/p>\n<p><span style=\"font-weight: 400;\">Dijous vam anar a Tarragona per con\u00e8ixer el llegat de la Tarraco romana. Encara que va ser un dia passat per aigua, aix\u00f2 no va impedir que visit\u00e9ssim el circ i l\u2019amfiteatre, el museu arqueol\u00f2gic i un seguit de restes que es troben als peus de l\u2019antiga Via Augusta: l\u2019aq\u00fceducte de les Ferreres, la pedrera del M\u00e8dol, la Torre dels Escipions i l\u2019Arc de Ber\u00e0. <\/span><\/p>\n<p>&nbsp;<\/p>\n<p><span style=\"font-weight: 400;\">Divendres, el darrer dia de la trobada, vam tornar a Barcelona per visitar el museu d\u2019Hist\u00f2ria de Catalunya i fer una ruta guiada a peu per la Barcelona medieval. A la tarda el comiat va ser ple de plors, ja que despr\u00e9s de cinc dies de conviv\u00e8ncia, el desconeixement inicial entre els alumnes s\u2019havia convertit en l\u2019inici d\u2019una amistat.<\/span><\/p>\n<p>&nbsp;<\/p>\n<p><span style=\"font-weight: 400;\">Podeu consultar el projecte als webs <\/span><a href=\"https:\/\/twinspace.etwinning.net\/8192\"><span style=\"font-weight: 400;\">https:\/\/twinspace.etwinning.net\/8192<\/span><\/a><span style=\"font-weight: 400;\"> i<\/span><\/p>\n<p><a href=\"http:\/\/www.agora.xtec.cat\/iesmontbui\/activitats\/projectes\/projectes-clil-aicle\/erasmus\"><span style=\"font-weight: 400;\">agora.xtec.cat\/iesmontbui\/activitats\/projectes\/projectes-clil-aicle\/erasmus<\/span><\/a><span style=\"font-weight: 400;\">.<\/span><\/p>\n<p><a href=\"http:\/\/agora.xtec.cat\/iesmontbui\/wp-content\/uploads\/usu145\/2017\/06\/FullSizeRender-3.jpg\"><img loading=\"lazy\" decoding=\"async\" class=\"alignnone size-large wp-image-1655\" src=\"http:\/\/agora.xtec.cat\/iesmontbui\/wp-content\/uploads\/usu145\/2017\/06\/FullSizeRender-3-1024x596.jpg\" alt=\"FullSizeRender-3\" width=\"1024\" height=\"596\" srcset=\"https:\/\/agora.xtec.cat\/iesmontbui\/wp-content\/uploads\/usu145\/2017\/06\/FullSizeRender-3-1024x596.jpg 1024w, https:\/\/agora.xtec.cat\/iesmontbui\/wp-content\/uploads\/usu145\/2017\/06\/FullSizeRender-3-300x175.jpg 300w, https:\/\/agora.xtec.cat\/iesmontbui\/wp-content\/uploads\/usu145\/2017\/06\/FullSizeRender-3-768x447.jpg 768w\" sizes=\"auto, (max-width: 1024px) 100vw, 1024px\" \/><\/a><\/p>\n","protected":false},"excerpt":{"rendered":"<p>Trobada del projecte Erasmus + a l\u2019Institut de Montbui<br \/>\n&nbsp;<br \/>\nEl passat 24 d\u2019abril el nostre Institut va rebre un grup d\u2019alumnes i \u00a0professors dels 8 pa\u00efsos europeus associats (Fran\u00e7a, Cro\u00e0cia, It\u00e0lia, Pol\u00f2nia, Eslov\u00e0quia, Litu\u00e0nia, Portugal i Su\u00e8cia) que ens venien a visitar en el marc del&hellip;  <a href=\"https:\/\/agora.xtec.cat\/iesmontbui\/general\/trobada-del-projecte-erasmus-a-linstitut-de-montbui\/\" title=\"Read Trobada del projecte Erasmus + a l\u2019Institut de Montbui\">Llegeix m\u00e9s\u00bb<\/a><\/p>\n","protected":false},"author":1,"featured_media":1655,"comment_status":"open","ping_status":"closed","sticky":false,"template":"","format":"standard","meta":{"_bbp_topic_count":0,"_bbp_reply_count":0,"_bbp_total_topic_count":0,"_bbp_total_reply_count":0,"_bbp_voice_count":0,"_bbp_anonymous_reply_count":0,"_bbp_topic_count_hidden":0,"_bbp_reply_count_hidden":0,"_bbp_forum_subforum_count":0,"footnotes":""},"categories":[1,29],"tags":[],"class_list":["post-1653","post","type-post","status-publish","format-standard","has-post-thumbnail","hentry","category-general","category-portada"],"post_mailing_queue_ids":[],"_links":{"self":[{"href":"https:\/\/agora.xtec.cat\/iesmontbui\/wp-json\/wp\/v2\/posts\/1653","targetHints":{"allow":["GET"]}}],"collection":[{"href":"https:\/\/agora.xtec.cat\/iesmontbui\/wp-json\/wp\/v2\/posts"}],"about":[{"href":"https:\/\/agora.xtec.cat\/iesmontbui\/wp-json\/wp\/v2\/types\/post"}],"author":[{"embeddable":true,"href":"https:\/\/agora.xtec.cat\/iesmontbui\/wp-json\/wp\/v2\/users\/1"}],"replies":[{"embeddable":true,"href":"https:\/\/agora.xtec.cat\/iesmontbui\/wp-json\/wp\/v2\/comments?post=1653"}],"version-history":[{"count":2,"href":"https:\/\/agora.xtec.cat\/iesmontbui\/wp-json\/wp\/v2\/posts\/1653\/revisions"}],"predecessor-version":[{"id":1656,"href":"https:\/\/agora.xtec.cat\/iesmontbui\/wp-json\/wp\/v2\/posts\/1653\/revisions\/1656"}],"wp:featuredmedia":[{"embeddable":true,"href":"https:\/\/agora.xtec.cat\/iesmontbui\/wp-json\/wp\/v2\/media\/1655"}],"wp:attachment":[{"href":"https:\/\/agora.xtec.cat\/iesmontbui\/wp-json\/wp\/v2\/media?parent=1653"}],"wp:term":[{"taxonomy":"category","embeddable":true,"href":"https:\/\/agora.xtec.cat\/iesmontbui\/wp-json\/wp\/v2\/categories?post=1653"},{"taxonomy":"post_tag","embeddable":true,"href":"https:\/\/agora.xtec.cat\/iesmontbui\/wp-json\/wp\/v2\/tags?post=1653"}],"curies":[{"name":"wp","href":"https:\/\/api.w.org\/{rel}","templated":true}]}}