{"id":1649,"date":"2017-06-02T07:24:49","date_gmt":"2017-06-02T05:24:49","guid":{"rendered":"http:\/\/agora.xtec.cat\/iesmontbui\/?p=1649"},"modified":"2017-06-02T07:24:49","modified_gmt":"2017-06-02T05:24:49","slug":"trobada-erasmus-a-croacia","status":"publish","type":"post","link":"https:\/\/agora.xtec.cat\/iesmontbui\/general\/trobada-erasmus-a-croacia\/","title":{"rendered":"Trobada Erasmus + a Cro\u00e0cia"},"content":{"rendered":"<p><span style=\"font-weight: 400;\">Trobada Erasmus+ a Cro\u00e0cia<\/span><\/p>\n<p>&nbsp;<\/p>\n<p><span style=\"font-weight: 400;\">Un grup de 6 alumnes de 3r d\u2019ESO i 2 professors de l\u2019INS Montbui vam viatjar a Cro\u00e0cia el passat mes de setembre dins el projecte Erasmus+ \u201cCan you tell me the way to\u2026?\u201d (<\/span><a href=\"https:\/\/twinspace.etwinning.net\/8192\/home\"><span style=\"font-weight: 400;\">https:\/\/twinspace.etwinning.net\/8192\/home<\/span><\/a><span style=\"font-weight: 400;\">), l\u2019objectiu del qual \u00e9s, a part de la millora de la llengua anglesa i la conscienciaci\u00f3 de la ciutadania europea, donar a con\u00e8ixer les principals rutes i camins que han determinat la hist\u00f2ria de cadascun dels centres participants.<\/span><\/p>\n<p>&nbsp;<\/p>\n<p><span style=\"font-weight: 400;\">El diumenge 17 de setembre vam volar cap a Dubrovnik. Una vegada a l\u2019aeroport vam agafar un bus cap a la ciutat, ja que la trobada amb la resta de delegacions era a les 7 de la tarda i vam aprofitar per visitar una mica la ciutat. Una vegada vam ser-hi tots, vam anar en autob\u00fas cap a Metkovic, poble situat uns 100 km al nord-oest de Dubrovnik, a la vora del riu Neretva i prop de la frontera amb Bosnia-Hercegovina. All\u00e0 ens esperaven les fam\u00edlies croates, que van acollir les nostres alumnes a casa seva durant l\u2019estada.<\/span><\/p>\n<p>&nbsp;<\/p>\n<p><span style=\"font-weight: 400;\">Dilluns va ser el dia que vam dedicar a visitar l\u2019escola amfitriona, el \u201cGimnazija Metkovic\u201d. Despr\u00e9s de la rebuda protocol\u00b7l\u00e0ria per part del director de l\u2019escola, vam visitar l\u2019escola guiats per alumnes croats. Despr\u00e9s de la visita, els alumnes van participar en una activitat en angl\u00e8s que tenia per objectiu analitzar unes mostres d\u2019aig\u00fces dels aiguamolls proper a Metkovic, mentre els professors van assistir a una sessi\u00f3 de treball sobre la Mobility tool. Despr\u00e9s de dinar, ens vam trobar tots a la sala d\u2019actes de l\u2019escola, on els alumnes de cadascun dels pa\u00efsos van mostrar a la resta el joc de taula que havien preparat. \u00a0Despr\u00e9s de jugar amb els diferents jocs durant for\u00e7a estona vam anar a fer una visita a la ciutat guiats de nou pels alumnes croats.<\/span><\/p>\n<p>&nbsp;<\/p>\n<p><span style=\"font-weight: 400;\">Dimarts, amb l\u2019excusa de fer el <\/span><i><span style=\"font-weight: 400;\">track<\/span><\/i><span style=\"font-weight: 400;\"> del recorregut amb l\u2019aplicaci\u00f3 per a m\u00f2bil Wikiloc (<\/span><a href=\"http:\/\/www.wikiloc.com\"><span style=\"font-weight: 400;\">ca.wikiloc.com<\/span><\/a><span style=\"font-weight: 400;\">) i de fer fotografies de la vegetaci\u00f3 per guardar-les amb projecte Noah (<\/span><a href=\"http:\/\/www.projectnoah.org\"><span style=\"font-weight: 400;\">projectnoah.org<\/span><\/a><span style=\"font-weight: 400;\">), vam visitar la torre de defensa de Smrdan al poble de Klek. Quina pujadeta i quin sol que feia&#8230;! Sort que abans d\u2019agafar el bus per anar cap a Ston, encara vam tenir temps d\u2019arribar-nos a la platja i fer una capbussada i uns gelats.<\/span> <span style=\"font-weight: 400;\">Despr\u00e9s de dinar vam visitar les salines de Ston (<\/span><a href=\"http:\/\/www.solanaston.hr\/en\"><span style=\"font-weight: 400;\">www.solanaston.hr\/en<\/span><\/a><span style=\"font-weight: 400;\">), situades a la pen\u00ednsula de Peljesac. Aquestes salines, que s\u00f3n unes de les m\u00e9s antigues i ben conservades d\u2019Europa, daten de fa uns 2000 anys, en temps de l\u2019Imperi Rom\u00e0. Al segle XIV aquestes salines van passar a pert\u00e0nyer a la Rep\u00fablica de Ragusa (Dubrovnik) i de fet van tenir una gran import\u00e0ncia per la mateixa gr\u00e0cies al gran pes econ\u00f2mic que tenia la sal. Per tal de protegir les salines dels possibles atacs, es van construir unes muralles al voltant de les mateixes i del poble de Ston que s\u00f3n de les m\u00e9s llargues d\u2019Europa.<\/span><\/p>\n<p>&nbsp;<\/p>\n<p><span style=\"font-weight: 400;\">Dimecres vam visitar Dubrovnik. Despr\u00e9s de fer una visita guiada per l\u2019Ajuntament i els carrers de la ciutat, vam agafar un vaixell per anar fins a l\u2019illa de Lokrum. All\u00e0 vam tenir una estona lliure, que cadasc\u00fa va aprofitar per fer el que volia: passejar pel jard\u00ed bot\u00e0nic, banyar-se o visitar una exposici\u00f3 sobre <\/span><i><span style=\"font-weight: 400;\">Joc de trons<\/span><\/i><span style=\"font-weight: 400;\"> (algunes de les localitzacions d\u2019aquesta s\u00e8rie s\u2019han filmat a Dubrovnik i altres llocs de la costa croata). Abans de dinar \u2013que va ser lliure- vam tornar cap a la ciutat. A la tarda vam visitar tots junts les muralles de Dubrovnik (vam estar m\u00e9s d\u2019una hora per donar la volta sencera!).<\/span><\/p>\n<p>&nbsp;<\/p>\n<p><span style=\"font-weight: 400;\">Dijous vam dedicar el dia als aiguamolls del riu Neretva. Dalt d\u2019una <\/span><i><span style=\"font-weight: 400;\">lada<\/span><\/i><span style=\"font-weight: 400;\"> (embarcaci\u00f3 tradicional de la zona) vam despla\u00e7ar-nos pels canals del llac Kuti, enmig de vegetaci\u00f3 aqu\u00e0tica com canyissos, bogues, nen\u00fafars i lliris d\u2019aigua. Vam dinar en un restaurant a la vora del llac, i un dels plats estrella va ser&#8230;arr\u00f2s amb granota! Despr\u00e9s de dinar vam ballar una estona i vam agafar de nou la <\/span><i><span style=\"font-weight: 400;\">lada<\/span><\/i><span style=\"font-weight: 400;\"> per anar cap el bus, que ens va portar a l\u2019estuari del riu. All\u00e0 el grup es va dividir, i mentre alguns van anar caminant fins al final de l\u2019estuari per fer el track del recorregut i fer fotografies de les plantes pel projecte Noah, d\u2019altres van participar en la filmaci\u00f3 d\u2019un v\u00eddeo anomenat <\/span><i><span style=\"font-weight: 400;\">Un dia a la vida de&#8230;un habitant dels aiguamolls del riu Neretva. <\/span><\/i><span style=\"font-weight: 400;\">Cap al tard vam tornar cap a Metkovic.<\/span><\/p>\n<p>&nbsp;<\/p>\n<p><span style=\"font-weight: 400;\">Divendres al mat\u00ed vam fer tres visites a Metkovic. Primer vam anar a l\u2019Ajuntament, on ens va rebre l\u2019alcaldessa. Despr\u00e9s els alumnes croats ens van fer una visita guiada pel Museu d\u2019hist\u00f2ria natural dels aiguamolls del riu Neretva, \u00a0i finalment vam visitar la cova de Predolac, on un guia ens va explicar que hi viu una esp\u00e8cie \u00fanica al m\u00f3n de crustaci. Despr\u00e9s de dinar (una altra vegada hi havia arr\u00f2s amb granota&#8230;) vam anar fins el poble de Vid per visitar el museu arqueol\u00f2gic de l\u2019antiga ciutat romana de Narona (<\/span><a href=\"http:\/\/www.a-m-narona.hr\/en\/about-the-museum\"><span style=\"font-weight: 400;\">a-m-narona.hr\/en\/about-the-museum<\/span><\/a><span style=\"font-weight: 400;\">), una de les m\u00e9s importants de la prov\u00edncia de la Dalm\u00e0cia romana. Al vespre vam sopar tots junts a l\u2019escola croata diferents plats que van portar les fam\u00edlies croates. Despr\u00e9s de sopar hi va haver una festa amb m\u00fasica al pati de l\u2019escola.<\/span><\/p>\n<p>&nbsp;<\/p>\n<p><span style=\"font-weight: 400;\">Dissabte al mat\u00ed, despr\u00e9s d\u2019acomiadar-nos de les fam\u00edlies croates, vam agafar un autob\u00fas que ens va portar fins a Dubrovnik i all\u00e0 un altre que ens va deixar a l\u2019aeroport. <\/span><\/p>\n<p>&nbsp;<\/p>\n<p><span style=\"font-weight: 400;\">Com podeu veure, va ser una setmana ben aprofitada!<\/span><\/p>\n<p><a href=\"http:\/\/agora.xtec.cat\/iesmontbui\/wp-content\/uploads\/usu145\/2017\/06\/FullSizeRender-2.jpg\"><img loading=\"lazy\" decoding=\"async\" class=\"alignnone size-large wp-image-1651\" src=\"http:\/\/agora.xtec.cat\/iesmontbui\/wp-content\/uploads\/usu145\/2017\/06\/FullSizeRender-2-1024x836.jpg\" alt=\"FullSizeRender-2\" width=\"1024\" height=\"836\" srcset=\"https:\/\/agora.xtec.cat\/iesmontbui\/wp-content\/uploads\/usu145\/2017\/06\/FullSizeRender-2-1024x836.jpg 1024w, https:\/\/agora.xtec.cat\/iesmontbui\/wp-content\/uploads\/usu145\/2017\/06\/FullSizeRender-2-300x245.jpg 300w, https:\/\/agora.xtec.cat\/iesmontbui\/wp-content\/uploads\/usu145\/2017\/06\/FullSizeRender-2-768x627.jpg 768w\" sizes=\"auto, (max-width: 1024px) 100vw, 1024px\" \/><\/a><\/p>\n","protected":false},"excerpt":{"rendered":"<p>Trobada Erasmus+ a Cro\u00e0cia<br \/>\n&nbsp;<br \/>\nUn grup de 6 alumnes de 3r d\u2019ESO i 2 professors de l\u2019INS Montbui vam viatjar a Cro\u00e0cia el passat mes de setembre dins el projecte Erasmus+ \u201cCan you tell me the way to\u2026?\u201d (<a href=\"https:\/\/twinspace.etwinning.net\/8192\/home\">https:\/\/twinspace.etwinning.net\/8192\/home<\/a>), l\u2019objectiu del qual \u00e9s, a part&hellip;  <a href=\"https:\/\/agora.xtec.cat\/iesmontbui\/general\/trobada-erasmus-a-croacia\/\" title=\"Read Trobada Erasmus + a Cro\u00e0cia\">Llegeix m\u00e9s\u00bb<\/a><\/p>\n","protected":false},"author":1,"featured_media":1651,"comment_status":"open","ping_status":"closed","sticky":false,"template":"","format":"standard","meta":{"_bbp_topic_count":0,"_bbp_reply_count":0,"_bbp_total_topic_count":0,"_bbp_total_reply_count":0,"_bbp_voice_count":0,"_bbp_anonymous_reply_count":0,"_bbp_topic_count_hidden":0,"_bbp_reply_count_hidden":0,"_bbp_forum_subforum_count":0,"footnotes":""},"categories":[1,29],"tags":[],"class_list":["post-1649","post","type-post","status-publish","format-standard","has-post-thumbnail","hentry","category-general","category-portada"],"post_mailing_queue_ids":[],"_links":{"self":[{"href":"https:\/\/agora.xtec.cat\/iesmontbui\/wp-json\/wp\/v2\/posts\/1649","targetHints":{"allow":["GET"]}}],"collection":[{"href":"https:\/\/agora.xtec.cat\/iesmontbui\/wp-json\/wp\/v2\/posts"}],"about":[{"href":"https:\/\/agora.xtec.cat\/iesmontbui\/wp-json\/wp\/v2\/types\/post"}],"author":[{"embeddable":true,"href":"https:\/\/agora.xtec.cat\/iesmontbui\/wp-json\/wp\/v2\/users\/1"}],"replies":[{"embeddable":true,"href":"https:\/\/agora.xtec.cat\/iesmontbui\/wp-json\/wp\/v2\/comments?post=1649"}],"version-history":[{"count":2,"href":"https:\/\/agora.xtec.cat\/iesmontbui\/wp-json\/wp\/v2\/posts\/1649\/revisions"}],"predecessor-version":[{"id":1652,"href":"https:\/\/agora.xtec.cat\/iesmontbui\/wp-json\/wp\/v2\/posts\/1649\/revisions\/1652"}],"wp:featuredmedia":[{"embeddable":true,"href":"https:\/\/agora.xtec.cat\/iesmontbui\/wp-json\/wp\/v2\/media\/1651"}],"wp:attachment":[{"href":"https:\/\/agora.xtec.cat\/iesmontbui\/wp-json\/wp\/v2\/media?parent=1649"}],"wp:term":[{"taxonomy":"category","embeddable":true,"href":"https:\/\/agora.xtec.cat\/iesmontbui\/wp-json\/wp\/v2\/categories?post=1649"},{"taxonomy":"post_tag","embeddable":true,"href":"https:\/\/agora.xtec.cat\/iesmontbui\/wp-json\/wp\/v2\/tags?post=1649"}],"curies":[{"name":"wp","href":"https:\/\/api.w.org\/{rel}","templated":true}]}}