{"id":1639,"date":"2017-06-01T09:57:12","date_gmt":"2017-06-01T07:57:12","guid":{"rendered":"http:\/\/agora.xtec.cat\/iesmontbui\/?p=1639"},"modified":"2017-06-02T07:12:23","modified_gmt":"2017-06-02T05:12:23","slug":"cursa-dorientacio-a-aguilar-de-segarra","status":"publish","type":"post","link":"https:\/\/agora.xtec.cat\/iesmontbui\/general\/cursa-dorientacio-a-aguilar-de-segarra\/","title":{"rendered":"Cursa d\u2019orientaci\u00f3 a Aguilar de Segarra"},"content":{"rendered":"<p><strong>Cursa d\u2019orientaci\u00f3 a Aguilar de Segarra<\/strong><\/p>\n<p>El dijous 20 d\u2019abril els alumnes de primer de batxillerat es van despla\u00e7ar al circuit fix d\u2019orientaci\u00f3 d\u2019Aguilar de Segarra (Bages) per tal de posar en pr\u00e0ctica les t\u00e8cniques d\u2019orientaci\u00f3 a la natura treballades des de les mat\u00e8ries d\u2019Educaci\u00f3 F\u00edsica i Ci\u00e8ncies per al m\u00f3n contemporani. Aquesta activitat forma part del projecte Erasmus+ \u201cCan you tell me the way to\u2026?\u201d en el que participa el nostre centre educatiu.<\/p>\n<p><a href=\"http:\/\/agora.xtec.cat\/iesmontbui\/wp-content\/uploads\/usu145\/2017\/06\/cursa-orientaci\u00f3-aguilar-segarra.png\"><img loading=\"lazy\" decoding=\"async\" class=\"alignnone wp-image-1647 size-full\" src=\"http:\/\/agora.xtec.cat\/iesmontbui\/wp-content\/uploads\/usu145\/2017\/06\/cursa-orientaci\u00f3-aguilar-segarra.png\" width=\"805\" height=\"522\" srcset=\"https:\/\/agora.xtec.cat\/iesmontbui\/wp-content\/uploads\/usu145\/2017\/06\/cursa-orientaci\u00f3-aguilar-segarra.png 805w, https:\/\/agora.xtec.cat\/iesmontbui\/wp-content\/uploads\/usu145\/2017\/06\/cursa-orientaci\u00f3-aguilar-segarra-300x195.png 300w, https:\/\/agora.xtec.cat\/iesmontbui\/wp-content\/uploads\/usu145\/2017\/06\/cursa-orientaci\u00f3-aguilar-segarra-768x498.png 768w\" sizes=\"auto, (max-width: 805px) 100vw, 805px\" \/><\/a><\/p>\n","protected":false},"excerpt":{"rendered":"<p>Cursa d\u2019orientaci\u00f3 a Aguilar de Segarra<br \/>\nEl dijous 20 d\u2019abril els alumnes de primer de batxillerat es van despla\u00e7ar al circuit fix d\u2019orientaci\u00f3 d\u2019Aguilar de Segarra (Bages) per tal de posar en pr\u00e0ctica les t\u00e8cniques d\u2019orientaci\u00f3 a la natura treballades des de les mat\u00e8ries d\u2019Educaci\u00f3 F\u00edsica&hellip;  <a href=\"https:\/\/agora.xtec.cat\/iesmontbui\/general\/cursa-dorientacio-a-aguilar-de-segarra\/\" title=\"Read Cursa d\u2019orientaci\u00f3 a Aguilar de Segarra\">Llegeix m\u00e9s\u00bb<\/a><\/p>\n","protected":false},"author":1,"featured_media":1647,"comment_status":"open","ping_status":"closed","sticky":false,"template":"","format":"standard","meta":{"_bbp_topic_count":0,"_bbp_reply_count":0,"_bbp_total_topic_count":0,"_bbp_total_reply_count":0,"_bbp_voice_count":0,"_bbp_anonymous_reply_count":0,"_bbp_topic_count_hidden":0,"_bbp_reply_count_hidden":0,"_bbp_forum_subforum_count":0,"footnotes":""},"categories":[1,29],"tags":[],"class_list":["post-1639","post","type-post","status-publish","format-standard","has-post-thumbnail","hentry","category-general","category-portada"],"post_mailing_queue_ids":[],"_links":{"self":[{"href":"https:\/\/agora.xtec.cat\/iesmontbui\/wp-json\/wp\/v2\/posts\/1639","targetHints":{"allow":["GET"]}}],"collection":[{"href":"https:\/\/agora.xtec.cat\/iesmontbui\/wp-json\/wp\/v2\/posts"}],"about":[{"href":"https:\/\/agora.xtec.cat\/iesmontbui\/wp-json\/wp\/v2\/types\/post"}],"author":[{"embeddable":true,"href":"https:\/\/agora.xtec.cat\/iesmontbui\/wp-json\/wp\/v2\/users\/1"}],"replies":[{"embeddable":true,"href":"https:\/\/agora.xtec.cat\/iesmontbui\/wp-json\/wp\/v2\/comments?post=1639"}],"version-history":[{"count":3,"href":"https:\/\/agora.xtec.cat\/iesmontbui\/wp-json\/wp\/v2\/posts\/1639\/revisions"}],"predecessor-version":[{"id":1648,"href":"https:\/\/agora.xtec.cat\/iesmontbui\/wp-json\/wp\/v2\/posts\/1639\/revisions\/1648"}],"wp:featuredmedia":[{"embeddable":true,"href":"https:\/\/agora.xtec.cat\/iesmontbui\/wp-json\/wp\/v2\/media\/1647"}],"wp:attachment":[{"href":"https:\/\/agora.xtec.cat\/iesmontbui\/wp-json\/wp\/v2\/media?parent=1639"}],"wp:term":[{"taxonomy":"category","embeddable":true,"href":"https:\/\/agora.xtec.cat\/iesmontbui\/wp-json\/wp\/v2\/categories?post=1639"},{"taxonomy":"post_tag","embeddable":true,"href":"https:\/\/agora.xtec.cat\/iesmontbui\/wp-json\/wp\/v2\/tags?post=1639"}],"curies":[{"name":"wp","href":"https:\/\/api.w.org\/{rel}","templated":true}]}}