{"id":1544,"date":"2017-05-09T08:55:32","date_gmt":"2017-05-09T06:55:32","guid":{"rendered":"http:\/\/agora.xtec.cat\/iesmontbui\/?p=1544"},"modified":"2017-05-09T08:57:29","modified_gmt":"2017-05-09T06:57:29","slug":"anada-al-parlament-de-catalunya-de-3r-eso","status":"publish","type":"post","link":"https:\/\/agora.xtec.cat\/iesmontbui\/general\/anada-al-parlament-de-catalunya-de-3r-eso\/","title":{"rendered":"Anada al Parlament de Catalunya de 3r ESO"},"content":{"rendered":"<p>&nbsp;<\/p>\n<p>Els alumnes voluntaris de 3r ESO van preparant la sessi\u00f3 del Parlament del dia 16 de juny participant al debat parlamentari virtual, presentant esmenes a la llei guanyadora i votant les que presenten els altres grups. \u00c9s un debat molt interessant que ens permet veure de ben aprop el funcionament de la vida pol\u00edtica al Parlament i d&#8217;un sistema democr\u00e0tic com el nostre.<\/p>\n<p>Podeu veure el debat al seg\u00fcent enlla\u00e7:<\/p>\n<p><a href=\"http:\/\/parlamentobert.cat\/aulaparlament\/femunallei\/debats\/debat\/secundaria\/\" target=\"_blank\" data-saferedirecturl=\"https:\/\/www.google.com\/url?hl=ca&amp;q=http:\/\/parlamentobert.cat\/aulaparlament\/femunallei\/debats\/debat\/secundaria\/&amp;source=gmail&amp;ust=1494398896025000&amp;usg=AFQjCNG4DkOFQ4Me0y37WjHh7zeBgQWzyg\">http:\/\/parlamentobert.cat\/<wbr \/>aulaparlament\/femunallei\/<wbr \/>debats\/debat\/secundaria\/<\/a><\/p>\n<p><a href=\"http:\/\/agora.xtec.cat\/iesmontbui\/wp-content\/uploads\/usu145\/2017\/05\/parlament3.jpg\"><img loading=\"lazy\" decoding=\"async\" class=\"alignnone size-large wp-image-1545\" src=\"http:\/\/agora.xtec.cat\/iesmontbui\/wp-content\/uploads\/usu145\/2017\/05\/parlament3-1024x576.jpg\" alt=\"parlament3\" width=\"1024\" height=\"576\" srcset=\"https:\/\/agora.xtec.cat\/iesmontbui\/wp-content\/uploads\/usu145\/2017\/05\/parlament3-1024x576.jpg 1024w, https:\/\/agora.xtec.cat\/iesmontbui\/wp-content\/uploads\/usu145\/2017\/05\/parlament3-300x169.jpg 300w, https:\/\/agora.xtec.cat\/iesmontbui\/wp-content\/uploads\/usu145\/2017\/05\/parlament3-768x432.jpg 768w\" sizes=\"auto, (max-width: 1024px) 100vw, 1024px\" \/><\/a><\/p>\n","protected":false},"excerpt":{"rendered":"<p>&nbsp;<br \/>\nEls alumnes voluntaris de 3r ESO van preparant la sessi\u00f3 del Parlament del dia 16 de juny participant al debat parlamentari virtual, presentant esmenes a la llei guanyadora i votant les que presenten els altres grups. \u00c9s un debat molt interessant que ens permet veure&hellip;  <a href=\"https:\/\/agora.xtec.cat\/iesmontbui\/general\/anada-al-parlament-de-catalunya-de-3r-eso\/\" title=\"Read Anada al Parlament de Catalunya de 3r ESO\">Llegeix m\u00e9s\u00bb<\/a><\/p>\n","protected":false},"author":1,"featured_media":1545,"comment_status":"open","ping_status":"open","sticky":false,"template":"","format":"standard","meta":{"_bbp_topic_count":0,"_bbp_reply_count":0,"_bbp_total_topic_count":0,"_bbp_total_reply_count":0,"_bbp_voice_count":0,"_bbp_anonymous_reply_count":0,"_bbp_topic_count_hidden":0,"_bbp_reply_count_hidden":0,"_bbp_forum_subforum_count":0,"footnotes":""},"categories":[3,1,29],"tags":[],"class_list":["post-1544","post","type-post","status-publish","format-standard","has-post-thumbnail","hentry","category-eso","category-general","category-portada"],"post_mailing_queue_ids":[],"_links":{"self":[{"href":"https:\/\/agora.xtec.cat\/iesmontbui\/wp-json\/wp\/v2\/posts\/1544","targetHints":{"allow":["GET"]}}],"collection":[{"href":"https:\/\/agora.xtec.cat\/iesmontbui\/wp-json\/wp\/v2\/posts"}],"about":[{"href":"https:\/\/agora.xtec.cat\/iesmontbui\/wp-json\/wp\/v2\/types\/post"}],"author":[{"embeddable":true,"href":"https:\/\/agora.xtec.cat\/iesmontbui\/wp-json\/wp\/v2\/users\/1"}],"replies":[{"embeddable":true,"href":"https:\/\/agora.xtec.cat\/iesmontbui\/wp-json\/wp\/v2\/comments?post=1544"}],"version-history":[{"count":2,"href":"https:\/\/agora.xtec.cat\/iesmontbui\/wp-json\/wp\/v2\/posts\/1544\/revisions"}],"predecessor-version":[{"id":1547,"href":"https:\/\/agora.xtec.cat\/iesmontbui\/wp-json\/wp\/v2\/posts\/1544\/revisions\/1547"}],"wp:featuredmedia":[{"embeddable":true,"href":"https:\/\/agora.xtec.cat\/iesmontbui\/wp-json\/wp\/v2\/media\/1545"}],"wp:attachment":[{"href":"https:\/\/agora.xtec.cat\/iesmontbui\/wp-json\/wp\/v2\/media?parent=1544"}],"wp:term":[{"taxonomy":"category","embeddable":true,"href":"https:\/\/agora.xtec.cat\/iesmontbui\/wp-json\/wp\/v2\/categories?post=1544"},{"taxonomy":"post_tag","embeddable":true,"href":"https:\/\/agora.xtec.cat\/iesmontbui\/wp-json\/wp\/v2\/tags?post=1544"}],"curies":[{"name":"wp","href":"https:\/\/api.w.org\/{rel}","templated":true}]}}