{"id":1523,"date":"2017-04-05T17:59:34","date_gmt":"2017-04-05T15:59:34","guid":{"rendered":"http:\/\/agora.xtec.cat\/iesmontbui\/?p=1523"},"modified":"2017-04-05T18:00:12","modified_gmt":"2017-04-05T16:00:12","slug":"autors-a-les-aules","status":"publish","type":"post","link":"https:\/\/agora.xtec.cat\/iesmontbui\/portada\/autors-a-les-aules\/","title":{"rendered":"AUTORS A LES AULES"},"content":{"rendered":"<p><a href=\"http:\/\/agora.xtec.cat\/iesmontbui\/wp-content\/uploads\/usu145\/2017\/04\/autors.jpg\"><img loading=\"lazy\" decoding=\"async\" class=\"alignnone size-full wp-image-1524\" src=\"http:\/\/agora.xtec.cat\/iesmontbui\/wp-content\/uploads\/usu145\/2017\/04\/autors.jpg\" alt=\"autors\" width=\"481\" height=\"197\" srcset=\"https:\/\/agora.xtec.cat\/iesmontbui\/wp-content\/uploads\/usu145\/2017\/04\/autors.jpg 481w, https:\/\/agora.xtec.cat\/iesmontbui\/wp-content\/uploads\/usu145\/2017\/04\/autors-300x123.jpg 300w\" sizes=\"auto, (max-width: 481px) 100vw, 481px\" \/><\/a><\/p>\n<p>El dia 7 de mar\u00e7 ens va visitar l\u2019autor del llibre <em>La closca pelada dels cretins <\/em>en Jaume Copons, en el nostre centre fem aquesta lectura amb l\u2019alumnat de tercer d\u2019ESO. La xerrada ha estat possible gr\u00e0cies a la Instituci\u00f3 de Lletres Catalanes, pel programa Autors a les Aules, que ens va seleccionar. El vam rebre\u00a0 amb unes il.lustracions tem\u00e0tiques fetes per l\u2019alumnat\u00a0 sobre la lectura realitzada. La xerrada fou molt amena i propera, ens va fer saber com era el dia a dia d\u2019un autor que escriu sobre un gran variaci\u00f3 de\u00a0 temes: des de guions de programes televisius, radiof\u00f2nics, s\u00e8ries infantils, literatura infantil i juvenil i un llarg etc\u00e8tera.<\/p>\n","protected":false},"excerpt":{"rendered":"<p><a href=\"http:\/\/agora.xtec.cat\/iesmontbui\/wp-content\/uploads\/usu145\/2017\/04\/autors.jpg\"><\/a><br \/>\nEl dia 7 de mar\u00e7 ens va visitar l\u2019autor del llibre La closca pelada dels cretins en Jaume Copons, en el nostre centre fem aquesta lectura amb l\u2019alumnat de tercer d\u2019ESO. La xerrada ha estat possible gr\u00e0cies a la Instituci\u00f3 de Lletres Catalanes, pel&hellip;  <a href=\"https:\/\/agora.xtec.cat\/iesmontbui\/portada\/autors-a-les-aules\/\" title=\"Read AUTORS A LES AULES\">Llegeix m\u00e9s\u00bb<\/a><\/p>\n","protected":false},"author":1,"featured_media":1524,"comment_status":"open","ping_status":"open","sticky":false,"template":"","format":"standard","meta":{"_bbp_topic_count":0,"_bbp_reply_count":0,"_bbp_total_topic_count":0,"_bbp_total_reply_count":0,"_bbp_voice_count":0,"_bbp_anonymous_reply_count":0,"_bbp_topic_count_hidden":0,"_bbp_reply_count_hidden":0,"_bbp_forum_subforum_count":0,"footnotes":""},"categories":[29],"tags":[],"class_list":["post-1523","post","type-post","status-publish","format-standard","has-post-thumbnail","hentry","category-portada"],"post_mailing_queue_ids":[],"_links":{"self":[{"href":"https:\/\/agora.xtec.cat\/iesmontbui\/wp-json\/wp\/v2\/posts\/1523","targetHints":{"allow":["GET"]}}],"collection":[{"href":"https:\/\/agora.xtec.cat\/iesmontbui\/wp-json\/wp\/v2\/posts"}],"about":[{"href":"https:\/\/agora.xtec.cat\/iesmontbui\/wp-json\/wp\/v2\/types\/post"}],"author":[{"embeddable":true,"href":"https:\/\/agora.xtec.cat\/iesmontbui\/wp-json\/wp\/v2\/users\/1"}],"replies":[{"embeddable":true,"href":"https:\/\/agora.xtec.cat\/iesmontbui\/wp-json\/wp\/v2\/comments?post=1523"}],"version-history":[{"count":1,"href":"https:\/\/agora.xtec.cat\/iesmontbui\/wp-json\/wp\/v2\/posts\/1523\/revisions"}],"predecessor-version":[{"id":1525,"href":"https:\/\/agora.xtec.cat\/iesmontbui\/wp-json\/wp\/v2\/posts\/1523\/revisions\/1525"}],"wp:featuredmedia":[{"embeddable":true,"href":"https:\/\/agora.xtec.cat\/iesmontbui\/wp-json\/wp\/v2\/media\/1524"}],"wp:attachment":[{"href":"https:\/\/agora.xtec.cat\/iesmontbui\/wp-json\/wp\/v2\/media?parent=1523"}],"wp:term":[{"taxonomy":"category","embeddable":true,"href":"https:\/\/agora.xtec.cat\/iesmontbui\/wp-json\/wp\/v2\/categories?post=1523"},{"taxonomy":"post_tag","embeddable":true,"href":"https:\/\/agora.xtec.cat\/iesmontbui\/wp-json\/wp\/v2\/tags?post=1523"}],"curies":[{"name":"wp","href":"https:\/\/api.w.org\/{rel}","templated":true}]}}