{"id":1482,"date":"2017-02-25T10:10:03","date_gmt":"2017-02-25T09:10:03","guid":{"rendered":"http:\/\/agora.xtec.cat\/iesmontbui\/?p=1482"},"modified":"2017-02-25T10:10:03","modified_gmt":"2017-02-25T09:10:03","slug":"fira-robotica-al-cosmocaixa","status":"publish","type":"post","link":"https:\/\/agora.xtec.cat\/iesmontbui\/portada\/fira-robotica-al-cosmocaixa\/","title":{"rendered":"Fira rob\u00f2tica al CosmoCaixa"},"content":{"rendered":"<p><a href=\"http:\/\/agora.xtec.cat\/iesmontbui\/wp-content\/uploads\/usu145\/2017\/02\/Rob\u00f2tica-WEB.jpg\"><img loading=\"lazy\" decoding=\"async\" class=\"alignnone size-full wp-image-1483\" src=\"http:\/\/agora.xtec.cat\/iesmontbui\/wp-content\/uploads\/usu145\/2017\/02\/Rob\u00f2tica-WEB.jpg\" alt=\"robotica-web\" width=\"340\" height=\"255\" srcset=\"https:\/\/agora.xtec.cat\/iesmontbui\/wp-content\/uploads\/usu145\/2017\/02\/Rob\u00f2tica-WEB.jpg 340w, https:\/\/agora.xtec.cat\/iesmontbui\/wp-content\/uploads\/usu145\/2017\/02\/Rob\u00f2tica-WEB-300x225.jpg 300w, https:\/\/agora.xtec.cat\/iesmontbui\/wp-content\/uploads\/usu145\/2017\/02\/Rob\u00f2tica-WEB-200x150.jpg 200w\" sizes=\"auto, (max-width: 340px) 100vw, 340px\" \/><\/a><\/p>\n<p>El passat 17 de Febrer, els alumnes de 4t. d\u2019ESO que cursen la mat\u00e8ria de Tecnologia van assistir a la \u201cTrobada de projectes de Tecnologies creatives i rob\u00f2tica\u201d que va tenir lloc a CosmoCaixa.<\/p>\n<p>Durant la jornada, els instituts participants, provinents de diferents punts de Catalunya, van mostrar els projectes que han fet a la mat\u00e8ria de Tecnologia durant aquest curs, en els quals s\u2019apliquen coneixements d\u2019electr\u00f2nica, programaci\u00f3 i construcci\u00f3.<\/p>\n<p>Els alumnes de l\u2019Institut Montbui van poder con\u00e8ixer i compartir els seus projectes i idees amb alumnes d\u2019altres instituts participants.<\/p>\n<p>Si voleu veure els nostres projectes de Rob\u00f2tica, podeu fer-ho visitant la web de l&#8217;institut a l\u2019apartat de Rob\u00f2tica.<\/p>\n","protected":false},"excerpt":{"rendered":"<p><a href=\"http:\/\/agora.xtec.cat\/iesmontbui\/wp-content\/uploads\/usu145\/2017\/02\/Rob\u00f2tica-WEB.jpg\"><\/a><br \/>\nEl passat 17 de Febrer, els alumnes de 4t. d\u2019ESO que cursen la mat\u00e8ria de Tecnologia van assistir a la \u201cTrobada de projectes de Tecnologies creatives i rob\u00f2tica\u201d que va tenir lloc a CosmoCaixa.<br \/>\nDurant la jornada, els instituts participants, provinents de diferents punts de&hellip;  <a href=\"https:\/\/agora.xtec.cat\/iesmontbui\/portada\/fira-robotica-al-cosmocaixa\/\" title=\"Read Fira rob\u00f2tica al CosmoCaixa\">Llegeix m\u00e9s\u00bb<\/a><\/p>\n","protected":false},"author":1,"featured_media":1483,"comment_status":"open","ping_status":"open","sticky":false,"template":"","format":"standard","meta":{"_bbp_topic_count":0,"_bbp_reply_count":0,"_bbp_total_topic_count":0,"_bbp_total_reply_count":0,"_bbp_voice_count":0,"_bbp_anonymous_reply_count":0,"_bbp_topic_count_hidden":0,"_bbp_reply_count_hidden":0,"_bbp_forum_subforum_count":0,"footnotes":""},"categories":[29],"tags":[],"class_list":["post-1482","post","type-post","status-publish","format-standard","has-post-thumbnail","hentry","category-portada"],"post_mailing_queue_ids":[],"_links":{"self":[{"href":"https:\/\/agora.xtec.cat\/iesmontbui\/wp-json\/wp\/v2\/posts\/1482","targetHints":{"allow":["GET"]}}],"collection":[{"href":"https:\/\/agora.xtec.cat\/iesmontbui\/wp-json\/wp\/v2\/posts"}],"about":[{"href":"https:\/\/agora.xtec.cat\/iesmontbui\/wp-json\/wp\/v2\/types\/post"}],"author":[{"embeddable":true,"href":"https:\/\/agora.xtec.cat\/iesmontbui\/wp-json\/wp\/v2\/users\/1"}],"replies":[{"embeddable":true,"href":"https:\/\/agora.xtec.cat\/iesmontbui\/wp-json\/wp\/v2\/comments?post=1482"}],"version-history":[{"count":1,"href":"https:\/\/agora.xtec.cat\/iesmontbui\/wp-json\/wp\/v2\/posts\/1482\/revisions"}],"predecessor-version":[{"id":1484,"href":"https:\/\/agora.xtec.cat\/iesmontbui\/wp-json\/wp\/v2\/posts\/1482\/revisions\/1484"}],"wp:featuredmedia":[{"embeddable":true,"href":"https:\/\/agora.xtec.cat\/iesmontbui\/wp-json\/wp\/v2\/media\/1483"}],"wp:attachment":[{"href":"https:\/\/agora.xtec.cat\/iesmontbui\/wp-json\/wp\/v2\/media?parent=1482"}],"wp:term":[{"taxonomy":"category","embeddable":true,"href":"https:\/\/agora.xtec.cat\/iesmontbui\/wp-json\/wp\/v2\/categories?post=1482"},{"taxonomy":"post_tag","embeddable":true,"href":"https:\/\/agora.xtec.cat\/iesmontbui\/wp-json\/wp\/v2\/tags?post=1482"}],"curies":[{"name":"wp","href":"https:\/\/api.w.org\/{rel}","templated":true}]}}