{"id":1477,"date":"2017-02-20T20:07:33","date_gmt":"2017-02-20T19:07:33","guid":{"rendered":"http:\/\/agora.xtec.cat\/iesmontbui\/?p=1477"},"modified":"2017-02-20T20:07:33","modified_gmt":"2017-02-20T19:07:33","slug":"sortida-a-manresa-alumnes-de-1r-eso","status":"publish","type":"post","link":"https:\/\/agora.xtec.cat\/iesmontbui\/general\/sortida-a-manresa-alumnes-de-1r-eso\/","title":{"rendered":"Sortida a Manresa alumnes de 1r. ESO"},"content":{"rendered":"<p><a href=\"http:\/\/agora.xtec.cat\/iesmontbui\/wp-content\/uploads\/usu145\/2014\/09\/Manresa_1_web.jpg\"><img loading=\"lazy\" decoding=\"async\" class=\"alignnone size-full wp-image-1462\" src=\"http:\/\/agora.xtec.cat\/iesmontbui\/wp-content\/uploads\/usu145\/2014\/09\/Manresa_1_web.jpg\" alt=\"manresa_1_web\" width=\"227\" height=\"170\" srcset=\"https:\/\/agora.xtec.cat\/iesmontbui\/wp-content\/uploads\/usu145\/2014\/09\/Manresa_1_web.jpg 227w, https:\/\/agora.xtec.cat\/iesmontbui\/wp-content\/uploads\/usu145\/2014\/09\/Manresa_1_web-200x150.jpg 200w\" sizes=\"auto, (max-width: 227px) 100vw, 227px\" \/><\/a><\/p>\n<p style=\"text-align: justify;\">El dia 6 de febrer els alumnes de 1r d\u2019ESO van anar d\u2019excursi\u00f3 a Manresa i van realitzar dues visites. D\u2019una banda van anar al Museu de Geologia Valent\u00ed \u00a0Masachs on van poder veure una \u00e0mplia col\u00b7lecci\u00f3 de minerals, fins i tot minerals fluorescents. Tamb\u00e9 van veure quins s\u00f3n els minerals del futur i quines aplicacions tenen. D\u2019altra banda van anar al Centre de l\u2019Aigua de Can Font. \u00a0All\u00e0 van fer unes pr\u00e0ctiques de laboratori per analitzar la duresa de l\u2019aigua i per determinar \u00a0la quantitat de clorurs en aigua. Tamb\u00e9 vam portar aigua de Montbui per analitzar-la i vam arribar a la conclusi\u00f3 que \u00e9s for\u00e7a dura.<\/p>\n","protected":false},"excerpt":{"rendered":"<p><a href=\"http:\/\/agora.xtec.cat\/iesmontbui\/wp-content\/uploads\/usu145\/2014\/09\/Manresa_1_web.jpg\"><\/a><br \/>\nEl dia 6 de febrer els alumnes de 1r d\u2019ESO van anar d\u2019excursi\u00f3 a Manresa i van realitzar dues visites. D\u2019una banda van anar al Museu de Geologia Valent\u00ed \u00a0Masachs on van poder veure una \u00e0mplia col\u00b7lecci\u00f3 de minerals, fins i tot minerals fluorescents.&hellip;  <a href=\"https:\/\/agora.xtec.cat\/iesmontbui\/general\/sortida-a-manresa-alumnes-de-1r-eso\/\" title=\"Read Sortida a Manresa alumnes de 1r. ESO\">Llegeix m\u00e9s\u00bb<\/a><\/p>\n","protected":false},"author":1,"featured_media":1462,"comment_status":"open","ping_status":"open","sticky":false,"template":"","format":"standard","meta":{"_bbp_topic_count":0,"_bbp_reply_count":0,"_bbp_total_topic_count":0,"_bbp_total_reply_count":0,"_bbp_voice_count":0,"_bbp_anonymous_reply_count":0,"_bbp_topic_count_hidden":0,"_bbp_reply_count_hidden":0,"_bbp_forum_subforum_count":0,"footnotes":""},"categories":[4,1,29],"tags":[],"class_list":["post-1477","post","type-post","status-publish","format-standard","has-post-thumbnail","hentry","category-eso-1","category-general","category-portada"],"post_mailing_queue_ids":[],"_links":{"self":[{"href":"https:\/\/agora.xtec.cat\/iesmontbui\/wp-json\/wp\/v2\/posts\/1477","targetHints":{"allow":["GET"]}}],"collection":[{"href":"https:\/\/agora.xtec.cat\/iesmontbui\/wp-json\/wp\/v2\/posts"}],"about":[{"href":"https:\/\/agora.xtec.cat\/iesmontbui\/wp-json\/wp\/v2\/types\/post"}],"author":[{"embeddable":true,"href":"https:\/\/agora.xtec.cat\/iesmontbui\/wp-json\/wp\/v2\/users\/1"}],"replies":[{"embeddable":true,"href":"https:\/\/agora.xtec.cat\/iesmontbui\/wp-json\/wp\/v2\/comments?post=1477"}],"version-history":[{"count":1,"href":"https:\/\/agora.xtec.cat\/iesmontbui\/wp-json\/wp\/v2\/posts\/1477\/revisions"}],"predecessor-version":[{"id":1478,"href":"https:\/\/agora.xtec.cat\/iesmontbui\/wp-json\/wp\/v2\/posts\/1477\/revisions\/1478"}],"wp:featuredmedia":[{"embeddable":true,"href":"https:\/\/agora.xtec.cat\/iesmontbui\/wp-json\/wp\/v2\/media\/1462"}],"wp:attachment":[{"href":"https:\/\/agora.xtec.cat\/iesmontbui\/wp-json\/wp\/v2\/media?parent=1477"}],"wp:term":[{"taxonomy":"category","embeddable":true,"href":"https:\/\/agora.xtec.cat\/iesmontbui\/wp-json\/wp\/v2\/categories?post=1477"},{"taxonomy":"post_tag","embeddable":true,"href":"https:\/\/agora.xtec.cat\/iesmontbui\/wp-json\/wp\/v2\/tags?post=1477"}],"curies":[{"name":"wp","href":"https:\/\/api.w.org\/{rel}","templated":true}]}}