{"id":12142,"date":"2026-04-27T18:42:22","date_gmt":"2026-04-27T16:42:22","guid":{"rendered":"https:\/\/agora.xtec.cat\/iesmontbui\/?p=12142"},"modified":"2026-04-27T18:49:30","modified_gmt":"2026-04-27T16:49:30","slug":"manifest-unitari-dels-centres-educatius-publics-de-lanoia","status":"publish","type":"post","link":"https:\/\/agora.xtec.cat\/iesmontbui\/portada\/manifest-unitari-dels-centres-educatius-publics-de-lanoia\/","title":{"rendered":"Manifest unitari dels centres educatius p\u00fablics de l&#8217;Anoia"},"content":{"rendered":"<p>Els claustres i equips directius dels centres de prim\u00e0ria i secund\u00e0ria de la comarca de l\u2019Anoia han acordat, fins que no s\u2019arribi a un acord satisfactori en el conflicte obert entre el col\u00b7lectiu docent i el DEiFP:<\/p>\n<p>1. Suspendre totes les sortides programades pel curs 25-26 que no estiguin ja compromeses, i no iniciar cap procediment de reserva ni contractaci\u00f3 de cara al curs 2026-2027. Per tant, ens adherim a la iniciativa del col\u00b7lectiu \u201cDesobe\u00efm Sortides Educatives\u201d.<\/p>\n<p>2. Suspendre tota activitat a xarxes socials i llocs webs dels centres excepte informaci\u00f3 essencial de servei per a fam\u00edlies, deixant a la p\u00e0gina d\u2019inici un comunicat unitari explicant els motius d\u2019aquests acords.<\/p>\n<p>3. Deixar d\u2019organitzar les activitats de caire festiu i l\u00fadic fora d\u2019horari lectiu i que no siguin estrictament curriculars, inclosos els actes de graduaci\u00f3 i festes de final de curs.<\/p>\n<p>4. Suspendre la participaci\u00f3 del professorat en les formacions, programes i projectes a iniciativa del DEiFP o altres administracions i entitats que no responguin a l\u2019estrictament necessari per al desenvolupament de la tasca docent di\u00e0ria. Hem decidit suspendre les activitats anteriors pels seg\u00fcents motius:<\/p>\n<p>\u25cf La mesura \u00e9s una resposta directa a la manca de solucions i de compromisos de millora significatius per part del Departament d\u2019Educaci\u00f3 i Formaci\u00f3 Professional (DEiFP). Concretament, denunciem que no s\u2019ha rebut una resposta detallada a la carta col\u00b7lectiva enviada a la direcci\u00f3 dels Serveis Territorials i a la consellera el desembre del 2025.<\/p>\n<p>\u25cf Les direccions i claustres volem fer visible una situaci\u00f3 de \u201ccol\u00b7lapse estructural\u201d del sistema educatiu. Considerem que la insufici\u00e8ncia de recursos actual incideix directament en l\u2019atenci\u00f3 a l\u2019alumnat i en l\u2019organitzaci\u00f3 dels centres, posant en risc la<br \/>\nqualitat del servei p\u00fablic que s\u2019ha de garantir a mitj\u00e0 i llarg termini.<\/p>\n<p>\u25cf Durant anys, els docents hem assumit volunt\u00e0riament un volum creixent de tasques que van m\u00e9s enll\u00e0 de les nostres obligacions estrictament docents (com col\u00f2nies, sortides o gesti\u00f3 burocr\u00e0tica) per comprom\u00eds amb l\u2019alumnat. Aquesta sobrec\u00e0rrega es produeix en un context de condicions laborals insuficients, on el professorat catal\u00e0 es troba entre els pitjor retribu\u00efts de l\u2019Estat.<\/p>\n<p>\u25cf La suspensi\u00f3 d\u2019activitats l\u00fadiques, festives i de comunicaci\u00f3 no essencial busca fer evident el malestar del col\u00b7lectiu i for\u00e7ar l\u2019establiment d\u2019un di\u00e0leg real que permeti assegurar unes condicions adequades per al bon funcionament dels centres.<\/p>\n<p>Com a direccions de centre, repetim que mantenim el nostre comprom\u00eds amb l\u2019alumnat i amb les seves fam\u00edlies, treballant cada dia per oferir una educaci\u00f3 p\u00fablica de qualitat, equitativa i al servei de tothom. Alhora, entenem que aquest comprom\u00eds ha de ser compartit: nom\u00e9s amb els suports, recursos i condicions adequades podrem garantir que les escoles i instituts p\u00fablics continu\u00efn desenvolupant amb qualitat la seva funci\u00f3 educativa i social.<\/p>\n<p>Atentament,<\/p>\n<p>Les direccions i els claustres dels centres p\u00fablics de l\u2019Anoia<\/p>\n<p>&#8211; Institut Pere Vives, Igualada<br \/>\n&#8211; Institut Mol\u00ed de la Vila, Capellades<br \/>\n&#8211; Institut Guinovarda, Piera<br \/>\n&#8211; Institut Pla de les Moreres, Vilanova del Cam\u00ed<br \/>\n&#8211; Institut de Vallbona d\u2019Anoia<br \/>\n&#8211; Institut Montbui<br \/>\n&#8211; Institut Escola Castell d\u2019\u00d2dena<br \/>\n&#8211; Escola Pare Ramon Castelltort i Miralda, Igualada<br \/>\n&#8211; Escola Gabriel Castell\u00e0 i Raich, Igualada<br \/>\n&#8211; Escola Dolors Mart\u00ed i Badia, Igualada<br \/>\n&#8211; Escola Josep Masclans, Vallbona d\u2019Anoia<\/p>\n","protected":false},"excerpt":{"rendered":"<p>Els claustres i equips directius dels centres de prim\u00e0ria i secund\u00e0ria de la comarca de l\u2019Anoia han acordat, fins que no s\u2019arribi a un acord satisfactori en el conflicte obert entre el col\u00b7lectiu docent i el DEiFP:<br \/>\n1. Suspendre totes les sortides programades pel curs 25-26&hellip;  <a href=\"https:\/\/agora.xtec.cat\/iesmontbui\/portada\/manifest-unitari-dels-centres-educatius-publics-de-lanoia\/\" title=\"Read Manifest unitari dels centres educatius p\u00fablics de l&#8217;Anoia\">Llegeix m\u00e9s\u00bb<\/a><\/p>\n","protected":false},"author":66,"featured_media":12145,"comment_status":"open","ping_status":"open","sticky":false,"template":"","format":"standard","meta":{"_bbp_topic_count":0,"_bbp_reply_count":0,"_bbp_total_topic_count":0,"_bbp_total_reply_count":0,"_bbp_voice_count":0,"_bbp_anonymous_reply_count":0,"_bbp_topic_count_hidden":0,"_bbp_reply_count_hidden":0,"_bbp_forum_subforum_count":0,"footnotes":""},"categories":[98,29],"tags":[365,1593,1594],"class_list":["post-12142","post","type-post","status-publish","format-standard","has-post-thumbnail","hentry","category-comunicats","category-portada","tag-manifest","tag-manifest-unitari-centres-educatius-anoia","tag-mesures-de-pressio"],"post_mailing_queue_ids":[],"_links":{"self":[{"href":"https:\/\/agora.xtec.cat\/iesmontbui\/wp-json\/wp\/v2\/posts\/12142","targetHints":{"allow":["GET"]}}],"collection":[{"href":"https:\/\/agora.xtec.cat\/iesmontbui\/wp-json\/wp\/v2\/posts"}],"about":[{"href":"https:\/\/agora.xtec.cat\/iesmontbui\/wp-json\/wp\/v2\/types\/post"}],"author":[{"embeddable":true,"href":"https:\/\/agora.xtec.cat\/iesmontbui\/wp-json\/wp\/v2\/users\/66"}],"replies":[{"embeddable":true,"href":"https:\/\/agora.xtec.cat\/iesmontbui\/wp-json\/wp\/v2\/comments?post=12142"}],"version-history":[{"count":2,"href":"https:\/\/agora.xtec.cat\/iesmontbui\/wp-json\/wp\/v2\/posts\/12142\/revisions"}],"predecessor-version":[{"id":12146,"href":"https:\/\/agora.xtec.cat\/iesmontbui\/wp-json\/wp\/v2\/posts\/12142\/revisions\/12146"}],"wp:featuredmedia":[{"embeddable":true,"href":"https:\/\/agora.xtec.cat\/iesmontbui\/wp-json\/wp\/v2\/media\/12145"}],"wp:attachment":[{"href":"https:\/\/agora.xtec.cat\/iesmontbui\/wp-json\/wp\/v2\/media?parent=12142"}],"wp:term":[{"taxonomy":"category","embeddable":true,"href":"https:\/\/agora.xtec.cat\/iesmontbui\/wp-json\/wp\/v2\/categories?post=12142"},{"taxonomy":"post_tag","embeddable":true,"href":"https:\/\/agora.xtec.cat\/iesmontbui\/wp-json\/wp\/v2\/tags?post=12142"}],"curies":[{"name":"wp","href":"https:\/\/api.w.org\/{rel}","templated":true}]}}