{"id":12117,"date":"2026-04-13T19:00:04","date_gmt":"2026-04-13T17:00:04","guid":{"rendered":"https:\/\/agora.xtec.cat\/iesmontbui\/?p=12117"},"modified":"2026-04-13T12:29:28","modified_gmt":"2026-04-13T10:29:28","slug":"comunicat-mesures-de-pressio-claustre-de-lins-montbui","status":"publish","type":"post","link":"https:\/\/agora.xtec.cat\/iesmontbui\/general\/comunicat-mesures-de-pressio-claustre-de-lins-montbui\/","title":{"rendered":"Comunicat: Mesures de pressi\u00f3 claustre de l&#8217;INS Montbui"},"content":{"rendered":"<p><a href=\"https:\/\/agora.xtec.cat\/iesmontbui\/wp-content\/uploads\/usu145\/2026\/04\/reuniofamilies_model-14.jpg\"><img loading=\"lazy\" decoding=\"async\" class=\" wp-image-12119 aligncenter\" src=\"https:\/\/agora.xtec.cat\/iesmontbui\/wp-content\/uploads\/usu145\/2026\/04\/reuniofamilies_model-14-300x140.jpg\" alt=\"\" width=\"350\" height=\"180\" \/><\/a><\/p>\n<p>Benvolgudes fam\u00edlies,<\/p>\n<p>El claustre de l&#8217;institut Montbui ha acordat una s\u00e8rie de mesures que tenen com objectiu protestar pels greuges que pateix el col\u00b7lectiu docent<span style=\"font-family: inherit; font-size: 1em;\"> i que tenen una repercussi\u00f3 directa en l&#8217;atenci\u00f3 que reben els vostres fills\/es. L\u2019objectiu d\u2019aquesta acci\u00f3 \u00e9s reclamar al Departament d&#8217;Educaci\u00f3 i Formaci\u00f3 Professional millores que repercuteixin directament en la qualitat educativa i en l\u2019atenci\u00f3 a l\u2019alumnat.\u00a0<\/span><\/p>\n<p><strong>Quines accions hem acordat?\u00a0<\/strong><\/p>\n<p>Seguint la l\u00ednia d&#8217;altres centres educatius de l&#8217;Anoia i de Catalunya, l&#8217;Assemblea de l&#8217;Institut Montbui -formada pel professorat que s&#8217;ha adherit a la causa- ha efectuat recentment una consulta via telem\u00e0tica adre\u00e7ada a tot el professorat i que va culminar amb una votaci\u00f3 el passat 26 i 27 de mar\u00e7. D&#8217;aquesta manera, es van aprovar per majoria set punts:<\/p>\n<p>1. Suspendre totes les sortides programades per al curs 25\/26 que no estiguin ja compromeses i que no suposin una despesa econ\u00f2mica al centre ni a les fam\u00edlies i no iniciar cap procediment de contractaci\u00f3 de cara al curs 26\/27. Per tant, ens adherim a la iniciativa del col\u00b7lectiu \u201cDesobe\u00efm sortides educatives\u201d.<\/p>\n<p>2. Suspendre tota activitat a xarxes socials i llocs web del centre, excepte la informaci\u00f3 essencial de servei per a<br \/>\nfam\u00edlies.<\/p>\n<p>3. Deixar d\u2019organitzar activitats festives o l\u00fadiques fora d\u2019horari lectiu que no siguin estrictament curriculars inclosos<br \/>\nels actes de graduaci\u00f3 i festes de final de curs.<\/p>\n<p>4. Suspendre la participaci\u00f3 del professorat en formacions de centre, programes, projectes i propostes projectes a iniciativa de DEiFP o altres administracions i entitats que no responguin a l\u2019estrictament necessari pel desenvolupament de la tasca docent di\u00e0ria, d\u2019aquest curs 2025-2026 i de cara el curs 2026-2027.<\/p>\n<p>5. Limitar les comunicacions amb les fam\u00edlies a les obligat\u00f2ries per normativa durant aquest curs 2025-2026 i de cara el<br \/>\ncurs 2026-2027.<\/p>\n<p>6. Aprovar com a claustre no posar comentaris als butllet\u00ed final del curs 2025-2026 i cap comentari a les avaluacions del<br \/>\n2026-2027.<\/p>\n<p>7. Desvincular el projecte Erasmus+ de les mesures de pressi\u00f3 del centre.<\/p>\n<p><strong>Aplicaci\u00f3 immediata\u00a0<\/strong><\/p>\n<p>Les mesures acordades pel claustre han passat pel Consell Escolar, el qual un cop escoltades totes les veus a favor i en contra de les mesures, va procedir a votar per modificar la PGA en aquells punts en qu\u00e8 les mesures de pressi\u00f3 afectaven a la Programaci\u00f3 General Anual aprovada a inici de curs. Es puntualitza que les sortides compromeses s\u00f3n aquelles en qu\u00e8 hi ha una contrapart que est\u00e0 reservada, agendada i que per tant t\u00e9 ja un cost econ\u00f2mic per alg\u00fa, sigui administraci\u00f3 p\u00fablica, entitat o centre.<\/p>\n<p class=\"wp-block-paragraph\">En cap cas aquesta mesura pret\u00e9n perjudicar l\u2019alumnat ni les seves fam\u00edlies, a qui volem expressar el nostre agra\u00efment per la comprensi\u00f3. <span style=\"font-family: inherit; font-size: 1em;\">Aquestes accions s\u00f3n d&#8217;aplicaci\u00f3 immediata i afecten el que queda de curs 2025-2026 i el seg\u00fcent.\u00a0<\/span>El comprom\u00eds del claustre es que si s&#8217;escolten les reivindicacions per part del departament aquestes mesures de pressi\u00f3 deixaran de tenir efecte.<\/p>\n<p><strong>Quines millores reclamem?\u00a0<\/strong><\/p>\n<p class=\"wp-block-paragraph\">L\u2019objectiu d\u2019aquesta acci\u00f3 \u00e9s reclamar millores que repercuteixin directament en la qualitat educativa i en l\u2019atenci\u00f3 a l\u2019alumnat, entre les quals destaquen:<\/p>\n<ul class=\"wp-block-list\">\n<li>La reducci\u00f3 de la c\u00e0rrega burocr\u00e0tica del professorat, per poder dedicar m\u00e9s temps a la tasca educativa.<\/li>\n<li>La millora de les condicions laborals i de recursos humans als centres.<\/li>\n<li>La disminuci\u00f3 de les r\u00e0tios d\u2019alumnes per aula.<\/li>\n<li>M\u00e9s suport a l\u2019atenci\u00f3 a la diversitat i a l\u2019alumnat amb necessitats educatives espec\u00edfiques.<\/li>\n<li>Una dotaci\u00f3 suficient de recursos materials i personals per garantir una educaci\u00f3 de qualitat.<\/li>\n<\/ul>\n<p class=\"wp-block-paragraph\">Gr\u00e0cies per la vostra atenci\u00f3.<\/p>\n<p class=\"wp-block-paragraph\">Atentament,<\/p>\n<p class=\"wp-block-paragraph\">Claustre INS Montbui i l&#8217;Equip directiu<\/p>\n","protected":false},"excerpt":{"rendered":"<p><a href=\"https:\/\/agora.xtec.cat\/iesmontbui\/wp-content\/uploads\/usu145\/2026\/04\/reuniofamilies_model-14.jpg\"><\/a><br \/>\nBenvolgudes fam\u00edlies,<br \/>\nEl claustre de l&#8217;institut Montbui ha acordat una s\u00e8rie de mesures que tenen com objectiu protestar pels greuges que pateix el col\u00b7lectiu docent i que tenen una repercussi\u00f3 directa en l&#8217;atenci\u00f3 que reben els vostres fills\/es. L\u2019objectiu d\u2019aquesta acci\u00f3 \u00e9s reclamar al Departament&hellip;  <a href=\"https:\/\/agora.xtec.cat\/iesmontbui\/general\/comunicat-mesures-de-pressio-claustre-de-lins-montbui\/\" title=\"Read Comunicat: Mesures de pressi\u00f3 claustre de l&#8217;INS Montbui\">Llegeix m\u00e9s\u00bb<\/a><\/p>\n","protected":false},"author":66,"featured_media":12119,"comment_status":"open","ping_status":"open","sticky":false,"template":"","format":"standard","meta":{"_bbp_topic_count":0,"_bbp_reply_count":0,"_bbp_total_topic_count":0,"_bbp_total_reply_count":0,"_bbp_voice_count":0,"_bbp_anonymous_reply_count":0,"_bbp_topic_count_hidden":0,"_bbp_reply_count_hidden":0,"_bbp_forum_subforum_count":0,"footnotes":""},"categories":[98,1,29],"tags":[1592,1591,1590,291],"class_list":["post-12117","post","type-post","status-publish","format-standard","has-post-thumbnail","hentry","category-comunicats","category-general","category-portada","tag-accions-protesta","tag-claustre-ins-montbui","tag-mesures-pressio","tag-vaga"],"post_mailing_queue_ids":[],"_links":{"self":[{"href":"https:\/\/agora.xtec.cat\/iesmontbui\/wp-json\/wp\/v2\/posts\/12117","targetHints":{"allow":["GET"]}}],"collection":[{"href":"https:\/\/agora.xtec.cat\/iesmontbui\/wp-json\/wp\/v2\/posts"}],"about":[{"href":"https:\/\/agora.xtec.cat\/iesmontbui\/wp-json\/wp\/v2\/types\/post"}],"author":[{"embeddable":true,"href":"https:\/\/agora.xtec.cat\/iesmontbui\/wp-json\/wp\/v2\/users\/66"}],"replies":[{"embeddable":true,"href":"https:\/\/agora.xtec.cat\/iesmontbui\/wp-json\/wp\/v2\/comments?post=12117"}],"version-history":[{"count":3,"href":"https:\/\/agora.xtec.cat\/iesmontbui\/wp-json\/wp\/v2\/posts\/12117\/revisions"}],"predecessor-version":[{"id":12123,"href":"https:\/\/agora.xtec.cat\/iesmontbui\/wp-json\/wp\/v2\/posts\/12117\/revisions\/12123"}],"wp:featuredmedia":[{"embeddable":true,"href":"https:\/\/agora.xtec.cat\/iesmontbui\/wp-json\/wp\/v2\/media\/12119"}],"wp:attachment":[{"href":"https:\/\/agora.xtec.cat\/iesmontbui\/wp-json\/wp\/v2\/media?parent=12117"}],"wp:term":[{"taxonomy":"category","embeddable":true,"href":"https:\/\/agora.xtec.cat\/iesmontbui\/wp-json\/wp\/v2\/categories?post=12117"},{"taxonomy":"post_tag","embeddable":true,"href":"https:\/\/agora.xtec.cat\/iesmontbui\/wp-json\/wp\/v2\/tags?post=12117"}],"curies":[{"name":"wp","href":"https:\/\/api.w.org\/{rel}","templated":true}]}}