{"id":12023,"date":"2026-03-10T06:48:28","date_gmt":"2026-03-10T05:48:28","guid":{"rendered":"https:\/\/agora.xtec.cat\/iesmontbui\/?p=12023"},"modified":"2026-03-10T19:59:08","modified_gmt":"2026-03-10T18:59:08","slug":"setmana-de-les-matematiques-repte-2","status":"publish","type":"post","link":"https:\/\/agora.xtec.cat\/iesmontbui\/general\/setmana-de-les-matematiques-repte-2\/","title":{"rendered":"Setmana de les matem\u00e0tiques: Repte 2"},"content":{"rendered":"<p>En motiu del Dia Internacional de les Matem\u00e0tiques, cada dia d&#8217;aquesta setmana us proposarem un repte.<\/p>\n<p>Aquest dimarts, 10 de mar\u00e7, l&#8217;enigma que us proposem \u00e9s el seg\u00fcent: <strong>Calcula l&#8217;\u00e0rea del triangle ABC:<\/strong><\/p>\n<p>&nbsp;<\/p>\n<p><a href=\"https:\/\/agora.xtec.cat\/iesmontbui\/wp-content\/uploads\/usu145\/2026\/03\/2-enigma_dimarts.png\"><img loading=\"lazy\" decoding=\"async\" class=\" wp-image-12026 aligncenter\" src=\"https:\/\/agora.xtec.cat\/iesmontbui\/wp-content\/uploads\/usu145\/2026\/03\/2-enigma_dimarts-300x251.png\" alt=\"\" width=\"376\" height=\"322\" \/><\/a><\/p>\n<p>I&#8230; aquesta \u00e9s la soluci\u00f3!<\/p>\n<p><a href=\"https:\/\/agora.xtec.cat\/iesmontbui\/wp-content\/uploads\/usu145\/2026\/03\/20-solucio_enigma_dimarts.png\"><img loading=\"lazy\" decoding=\"async\" class=\" wp-image-12030 aligncenter\" src=\"https:\/\/agora.xtec.cat\/iesmontbui\/wp-content\/uploads\/usu145\/2026\/03\/20-solucio_enigma_dimarts-300x264.png\" alt=\"\" width=\"363\" height=\"318\" srcset=\"https:\/\/agora.xtec.cat\/iesmontbui\/wp-content\/uploads\/usu145\/2026\/03\/20-solucio_enigma_dimarts-300x264.png 300w, https:\/\/agora.xtec.cat\/iesmontbui\/wp-content\/uploads\/usu145\/2026\/03\/20-solucio_enigma_dimarts-1024x900.png 1024w, https:\/\/agora.xtec.cat\/iesmontbui\/wp-content\/uploads\/usu145\/2026\/03\/20-solucio_enigma_dimarts-768x675.png 768w, https:\/\/agora.xtec.cat\/iesmontbui\/wp-content\/uploads\/usu145\/2026\/03\/20-solucio_enigma_dimarts.png 1152w\" sizes=\"auto, (max-width: 363px) 100vw, 363px\" \/><\/a><\/p>\n<p>&nbsp;<\/p>\n","protected":false},"excerpt":{"rendered":"<p>En motiu del Dia Internacional de les Matem\u00e0tiques, cada dia d&#8217;aquesta setmana us proposarem un repte.<br \/>\nAquest dimarts, 10 de mar\u00e7, l&#8217;enigma que us proposem \u00e9s el seg\u00fcent: Calcula l&#8217;\u00e0rea del triangle ABC:<br \/>\n&nbsp;<br \/>\n<a href=\"https:\/\/agora.xtec.cat\/iesmontbui\/wp-content\/uploads\/usu145\/2026\/03\/2-enigma_dimarts.png\"><\/a><br \/>\nI&#8230; aquesta \u00e9s la soluci\u00f3!<br \/>\n<a href=\"https:\/\/agora.xtec.cat\/iesmontbui\/wp-content\/uploads\/usu145\/2026\/03\/20-solucio_enigma_dimarts.png\"><\/a><br \/>\n&nbsp;<\/p>\n","protected":false},"author":66,"featured_media":12025,"comment_status":"open","ping_status":"open","sticky":false,"template":"","format":"standard","meta":{"_bbp_topic_count":0,"_bbp_reply_count":0,"_bbp_total_topic_count":0,"_bbp_total_reply_count":0,"_bbp_voice_count":0,"_bbp_anonymous_reply_count":0,"_bbp_topic_count_hidden":0,"_bbp_reply_count_hidden":0,"_bbp_forum_subforum_count":0,"footnotes":""},"categories":[119,1,29],"tags":[1557,1547],"class_list":["post-12023","post","type-post","status-publish","format-standard","has-post-thumbnail","hentry","category-depmates","category-general","category-portada","tag-repte-2-setmana-matematiques","tag-setmana-matematiques"],"post_mailing_queue_ids":[],"_links":{"self":[{"href":"https:\/\/agora.xtec.cat\/iesmontbui\/wp-json\/wp\/v2\/posts\/12023","targetHints":{"allow":["GET"]}}],"collection":[{"href":"https:\/\/agora.xtec.cat\/iesmontbui\/wp-json\/wp\/v2\/posts"}],"about":[{"href":"https:\/\/agora.xtec.cat\/iesmontbui\/wp-json\/wp\/v2\/types\/post"}],"author":[{"embeddable":true,"href":"https:\/\/agora.xtec.cat\/iesmontbui\/wp-json\/wp\/v2\/users\/66"}],"replies":[{"embeddable":true,"href":"https:\/\/agora.xtec.cat\/iesmontbui\/wp-json\/wp\/v2\/comments?post=12023"}],"version-history":[{"count":4,"href":"https:\/\/agora.xtec.cat\/iesmontbui\/wp-json\/wp\/v2\/posts\/12023\/revisions"}],"predecessor-version":[{"id":12031,"href":"https:\/\/agora.xtec.cat\/iesmontbui\/wp-json\/wp\/v2\/posts\/12023\/revisions\/12031"}],"wp:featuredmedia":[{"embeddable":true,"href":"https:\/\/agora.xtec.cat\/iesmontbui\/wp-json\/wp\/v2\/media\/12025"}],"wp:attachment":[{"href":"https:\/\/agora.xtec.cat\/iesmontbui\/wp-json\/wp\/v2\/media?parent=12023"}],"wp:term":[{"taxonomy":"category","embeddable":true,"href":"https:\/\/agora.xtec.cat\/iesmontbui\/wp-json\/wp\/v2\/categories?post=12023"},{"taxonomy":"post_tag","embeddable":true,"href":"https:\/\/agora.xtec.cat\/iesmontbui\/wp-json\/wp\/v2\/tags?post=12023"}],"curies":[{"name":"wp","href":"https:\/\/api.w.org\/{rel}","templated":true}]}}