{"id":11979,"date":"2026-03-03T22:08:46","date_gmt":"2026-03-03T21:08:46","guid":{"rendered":"https:\/\/agora.xtec.cat\/iesmontbui\/?p=11979"},"modified":"2026-03-03T22:10:09","modified_gmt":"2026-03-03T21:10:09","slug":"comunicat-vaga-estudiantil-6-de-marc","status":"publish","type":"post","link":"https:\/\/agora.xtec.cat\/iesmontbui\/general\/comunicat-vaga-estudiantil-6-de-marc\/","title":{"rendered":"Comunicat: Vaga estudiantil (6 de mar\u00e7)"},"content":{"rendered":"<p><a href=\"https:\/\/agora.xtec.cat\/iesmontbui\/wp-content\/uploads\/usu145\/2026\/03\/reuniofamilies_model-13.jpg\"><img loading=\"lazy\" decoding=\"async\" class=\"alignright size-medium wp-image-11981\" src=\"https:\/\/agora.xtec.cat\/iesmontbui\/wp-content\/uploads\/usu145\/2026\/03\/reuniofamilies_model-13-300x140.jpg\" alt=\"\" width=\"300\" height=\"140\" srcset=\"https:\/\/agora.xtec.cat\/iesmontbui\/wp-content\/uploads\/usu145\/2026\/03\/reuniofamilies_model-13-300x140.jpg 300w, https:\/\/agora.xtec.cat\/iesmontbui\/wp-content\/uploads\/usu145\/2026\/03\/reuniofamilies_model-13-768x359.jpg 768w, https:\/\/agora.xtec.cat\/iesmontbui\/wp-content\/uploads\/usu145\/2026\/03\/reuniofamilies_model-13.jpg 1024w\" sizes=\"auto, (max-width: 300px) 100vw, 300px\" \/><\/a><\/p>\n<p>El Sindicat d\u2019Estudiants ha convocat una <a href=\"https:\/\/sindicatdestudiants.net\/index.php\/noticies\/movimient-estudiantil\/general\/1451-6marc\">vaga<\/a> pel proper\u00a0<strong>divendres, 6 de mar\u00e7,<\/strong> en motiu del 8 de Mar\u00e7, Dia Internacional de la Dona. &#8220;Som al 2026 i la viol\u00e8ncia contra les dones continua sent insuportable. L&#8217;assetjament, les agressions, les violacions i els assassinats ens persegueixen cada dia. El masclisme ens colpeja als nostres instituts i facultats, a la feina, a la fam\u00edlia i als carrers. Estem fartes&#8221;, expressen des del sindicat.<\/p>\n<p>En aquesta vaga s\u2019hi han adherit els grups de<strong> tercer d\u2019ESO B,C i E,<\/strong> els cinc grups de quart<strong> d\u2019ESO<\/strong>\u00a0i els dos<strong> de Batxillerat. <\/strong>En el cas de segon de Batxillerat, no es faran ex\u00e0mens, per\u00f2 s\u00ed la sortida programada i les classes per aquells alumnes que vulguin assistir.<\/p>\n<p>Recordem doncs que l\u2019alumnat que s\u2019adhereixi a la vaga i no vingui al centre ha de justificar-ho i, per tant, les fam\u00edlies que estigueu d\u2019acord amb el fet que els vostres fills exerceixin el dret a vaga cal que ompliu el justificant que l\u2019alumnat trobar\u00e0 impr\u00e8s a la consergeria del centre o que podeu descarregar en aquest\u00a0<a href=\"https:\/\/agora.xtec.cat\/iesmontbui\/wp-content\/uploads\/usu145\/2021\/03\/Regulaci%C3%B3-Vagues-Estudiants.pdf\">enlla\u00e7:<\/a><\/p>\n<p>EN CAP CAS PODEN ACOLLIR-SE A VAGA L\u2019ALUMNAT DE 1r i 2n D\u2019ESO.<\/p>\n<p>Atentament,<\/p>\n<p>L\u2019Equip Directiu<\/p>\n","protected":false},"excerpt":{"rendered":"<p><a href=\"https:\/\/agora.xtec.cat\/iesmontbui\/wp-content\/uploads\/usu145\/2026\/03\/reuniofamilies_model-13.jpg\"><\/a><br \/>\nEl Sindicat d\u2019Estudiants ha convocat una <a href=\"https:\/\/sindicatdestudiants.net\/index.php\/noticies\/movimient-estudiantil\/general\/1451-6marc\">vaga<\/a> pel proper\u00a0divendres, 6 de mar\u00e7, en motiu del 8 de Mar\u00e7, Dia Internacional de la Dona. &#8220;Som al 2026 i la viol\u00e8ncia contra les dones continua sent insuportable. L&#8217;assetjament, les agressions, les violacions i els assassinats&hellip;  <a href=\"https:\/\/agora.xtec.cat\/iesmontbui\/general\/comunicat-vaga-estudiantil-6-de-marc\/\" title=\"Read Comunicat: Vaga estudiantil (6 de mar\u00e7)\">Llegeix m\u00e9s\u00bb<\/a><\/p>\n","protected":false},"author":66,"featured_media":11983,"comment_status":"open","ping_status":"open","sticky":false,"template":"","format":"standard","meta":{"_bbp_topic_count":0,"_bbp_reply_count":0,"_bbp_total_topic_count":0,"_bbp_total_reply_count":0,"_bbp_voice_count":0,"_bbp_anonymous_reply_count":0,"_bbp_topic_count_hidden":0,"_bbp_reply_count_hidden":0,"_bbp_forum_subforum_count":0,"footnotes":""},"categories":[8,98,3,1,29],"tags":[630,1540,311,402],"class_list":["post-11979","post","type-post","status-publish","format-standard","has-post-thumbnail","hentry","category-batxillerat","category-comunicats","category-eso","category-general","category-portada","tag-8m","tag-8m-2026","tag-dia-internacional-de-les-dones","tag-sindicat-destudiants"],"post_mailing_queue_ids":[],"_links":{"self":[{"href":"https:\/\/agora.xtec.cat\/iesmontbui\/wp-json\/wp\/v2\/posts\/11979","targetHints":{"allow":["GET"]}}],"collection":[{"href":"https:\/\/agora.xtec.cat\/iesmontbui\/wp-json\/wp\/v2\/posts"}],"about":[{"href":"https:\/\/agora.xtec.cat\/iesmontbui\/wp-json\/wp\/v2\/types\/post"}],"author":[{"embeddable":true,"href":"https:\/\/agora.xtec.cat\/iesmontbui\/wp-json\/wp\/v2\/users\/66"}],"replies":[{"embeddable":true,"href":"https:\/\/agora.xtec.cat\/iesmontbui\/wp-json\/wp\/v2\/comments?post=11979"}],"version-history":[{"count":1,"href":"https:\/\/agora.xtec.cat\/iesmontbui\/wp-json\/wp\/v2\/posts\/11979\/revisions"}],"predecessor-version":[{"id":11982,"href":"https:\/\/agora.xtec.cat\/iesmontbui\/wp-json\/wp\/v2\/posts\/11979\/revisions\/11982"}],"wp:featuredmedia":[{"embeddable":true,"href":"https:\/\/agora.xtec.cat\/iesmontbui\/wp-json\/wp\/v2\/media\/11983"}],"wp:attachment":[{"href":"https:\/\/agora.xtec.cat\/iesmontbui\/wp-json\/wp\/v2\/media?parent=11979"}],"wp:term":[{"taxonomy":"category","embeddable":true,"href":"https:\/\/agora.xtec.cat\/iesmontbui\/wp-json\/wp\/v2\/categories?post=11979"},{"taxonomy":"post_tag","embeddable":true,"href":"https:\/\/agora.xtec.cat\/iesmontbui\/wp-json\/wp\/v2\/tags?post=11979"}],"curies":[{"name":"wp","href":"https:\/\/api.w.org\/{rel}","templated":true}]}}