{"id":11952,"date":"2026-02-17T09:56:48","date_gmt":"2026-02-17T08:56:48","guid":{"rendered":"https:\/\/agora.xtec.cat\/iesmontbui\/?p=11952"},"modified":"2026-02-17T10:23:22","modified_gmt":"2026-02-17T09:23:22","slug":"4t-deso-a-ritme-de-cabaret","status":"publish","type":"post","link":"https:\/\/agora.xtec.cat\/iesmontbui\/eso\/eso-4\/4t-deso-a-ritme-de-cabaret\/","title":{"rendered":"4t d&#8217;ESO, a ritme de Cabaret!"},"content":{"rendered":"<p><span style=\"font-weight: 400;\">L&#8217;alumnat de l\u2019optativa de 4t d\u2019ESO d\u2019<\/span><span style=\"font-weight: 400;\">Arts Esc\u00e8niques i Dansa <\/span><span style=\"font-weight: 400;\">ha participat recentment en un <strong>taller monogr\u00e0fic de teatre musical.<\/strong> Aquest estava inspirat en la pel\u00b7l\u00edcula Cabaret. Durant sis hores, i al Mont \u00c0gora, els joves han treballat en la interpretaci\u00f3 i en una coreografia.\u00a0<\/span><\/p>\n<p><span style=\"font-weight: 400;\">El taller s&#8217;inclou en el programa <a href=\"https:\/\/www.diba.cat\/ca\/web\/oda\/flipart\">FlipArt<\/a> de l&#8217;\u00e0rea de Cultura de la Diputaci\u00f3 de Barcelona. Aquest t\u00e9 la finalitat d&#8217;incentivar i apropar les arts entre els joves, tot acostant els artistes i t\u00e8cnics de les arts als instituts. Ha anat a c\u00e0rrec de <\/span><span style=\"font-weight: 400;\">Toni Vinyals, cantant, interpret i ballar\u00ed. Tamb\u00e9 ha participat en diversos musicals, com &#8216;<\/span><span style=\"font-weight: 400;\">Mar i cel&#8217; o &#8216;Scaramouche&#8217;. Actualment, duu a terme &#8216;Germans de sang&#8217;.\u00a0<\/span><\/p>\n<p>V\u00eddeo de l&#8217;assaig de la Coreografia:<\/p>\n<p><iframe loading=\"lazy\" src=\"https:\/\/drive.google.com\/file\/d\/1Y1_N4kuMGH4Cxc8bHj_V4HdWqQyOvFMq\/preview\" width=\"640\" height=\"480\"><\/iframe><\/p>\n<p>M\u00e9s imatges i v\u00eddeos a la carpeta Drive: <a href=\"https:\/\/drive.google.com\/drive\/folders\/1tMq1lOffD5a3M9FPxElzEagiKRUG2F-C\">https:\/\/drive.google.com\/drive\/folders\/1tMq1lOffD5a3M9FPxElzEagiKRUG2F-C<\/a><\/p>\n","protected":false},"excerpt":{"rendered":"<p>L&#8217;alumnat de l\u2019optativa de 4t d\u2019ESO d\u2019Arts Esc\u00e8niques i Dansa ha participat recentment en un taller monogr\u00e0fic de teatre musical. Aquest estava inspirat en la pel\u00b7l\u00edcula Cabaret. Durant sis hores, i al Mont \u00c0gora, els joves han treballat en la interpretaci\u00f3 i en una coreografia.\u00a0<br \/>\nEl&hellip;  <a href=\"https:\/\/agora.xtec.cat\/iesmontbui\/eso\/eso-4\/4t-deso-a-ritme-de-cabaret\/\" title=\"Read 4t d&#8217;ESO, a ritme de Cabaret!\">Llegeix m\u00e9s\u00bb<\/a><\/p>\n","protected":false},"author":66,"featured_media":11953,"comment_status":"open","ping_status":"open","sticky":false,"template":"","format":"standard","meta":{"_bbp_topic_count":0,"_bbp_reply_count":0,"_bbp_total_topic_count":0,"_bbp_total_reply_count":0,"_bbp_voice_count":0,"_bbp_anonymous_reply_count":0,"_bbp_topic_count_hidden":0,"_bbp_reply_count_hidden":0,"_bbp_forum_subforum_count":0,"footnotes":""},"categories":[121,7,29,1038],"tags":[1526,406,1529,1528,1527],"class_list":["post-11952","post","type-post","status-publish","format-standard","has-post-thumbnail","hentry","category-depexpressio","category-eso-4","category-portada","category-projectes","tag-flipart","tag-mont-agora","tag-optatives","tag-teatre-musical","tag-toni-vinyals"],"post_mailing_queue_ids":[],"_links":{"self":[{"href":"https:\/\/agora.xtec.cat\/iesmontbui\/wp-json\/wp\/v2\/posts\/11952","targetHints":{"allow":["GET"]}}],"collection":[{"href":"https:\/\/agora.xtec.cat\/iesmontbui\/wp-json\/wp\/v2\/posts"}],"about":[{"href":"https:\/\/agora.xtec.cat\/iesmontbui\/wp-json\/wp\/v2\/types\/post"}],"author":[{"embeddable":true,"href":"https:\/\/agora.xtec.cat\/iesmontbui\/wp-json\/wp\/v2\/users\/66"}],"replies":[{"embeddable":true,"href":"https:\/\/agora.xtec.cat\/iesmontbui\/wp-json\/wp\/v2\/comments?post=11952"}],"version-history":[{"count":3,"href":"https:\/\/agora.xtec.cat\/iesmontbui\/wp-json\/wp\/v2\/posts\/11952\/revisions"}],"predecessor-version":[{"id":11956,"href":"https:\/\/agora.xtec.cat\/iesmontbui\/wp-json\/wp\/v2\/posts\/11952\/revisions\/11956"}],"wp:featuredmedia":[{"embeddable":true,"href":"https:\/\/agora.xtec.cat\/iesmontbui\/wp-json\/wp\/v2\/media\/11953"}],"wp:attachment":[{"href":"https:\/\/agora.xtec.cat\/iesmontbui\/wp-json\/wp\/v2\/media?parent=11952"}],"wp:term":[{"taxonomy":"category","embeddable":true,"href":"https:\/\/agora.xtec.cat\/iesmontbui\/wp-json\/wp\/v2\/categories?post=11952"},{"taxonomy":"post_tag","embeddable":true,"href":"https:\/\/agora.xtec.cat\/iesmontbui\/wp-json\/wp\/v2\/tags?post=11952"}],"curies":[{"name":"wp","href":"https:\/\/api.w.org\/{rel}","templated":true}]}}