{"id":11941,"date":"2026-02-11T14:31:10","date_gmt":"2026-02-11T13:31:10","guid":{"rendered":"https:\/\/agora.xtec.cat\/iesmontbui\/?p=11941"},"modified":"2026-02-11T14:37:20","modified_gmt":"2026-02-11T13:37:20","slug":"suspensio-activitat-lectiva-12-de-febrer","status":"publish","type":"post","link":"https:\/\/agora.xtec.cat\/iesmontbui\/general\/suspensio-activitat-lectiva-12-de-febrer\/","title":{"rendered":"Suspensi\u00f3 activitat lectiva 12 de febrer"},"content":{"rendered":"<p><img loading=\"lazy\" decoding=\"async\" class=\"alignnone \" src=\"https:\/\/ichef.bbci.co.uk\/ace\/standard\/3840\/cpsprodpb\/cfca\/live\/b7406ce0-bd2f-11ef-bf47-953e7325b283.jpg\" width=\"730\" height=\"411\" \/><\/p>\n<p>&nbsp;<\/p>\n<p>Benvolgudes families,<\/p>\n<p>Degut a la situaci\u00f3 meteorol\u00f2gica prevista per dem\u00e0 dia 12 de febrer, i seguint les recomanacions de Protecci\u00f3 Civil, des del Departament d&#8217;Educaci\u00f3 s&#8217;ha decidit suspendre l&#8217;activitat lectiva dels centres i, per tant, el centre romandr\u00e0 tancat aquest dijous.<\/p>\n<p>Salutacions,<\/p>\n<p>Equip directiu<\/p>\n","protected":false},"excerpt":{"rendered":"<p>&nbsp;<br \/>\nBenvolgudes families,<br \/>\nDegut a la situaci\u00f3 meteorol\u00f2gica prevista per dem\u00e0 dia 12 de febrer, i seguint les recomanacions de Protecci\u00f3 Civil, des del Departament d&#8217;Educaci\u00f3 s&#8217;ha decidit suspendre l&#8217;activitat lectiva dels centres i, per tant, el centre romandr\u00e0 tancat aquest dijous.<br \/>\nSalutacions,<br \/>\nEquip directiu<\/p>\n","protected":false},"author":62,"featured_media":11943,"comment_status":"open","ping_status":"open","sticky":false,"template":"","format":"standard","meta":{"_bbp_topic_count":0,"_bbp_reply_count":0,"_bbp_total_topic_count":0,"_bbp_total_reply_count":0,"_bbp_voice_count":0,"_bbp_anonymous_reply_count":0,"_bbp_topic_count_hidden":0,"_bbp_reply_count_hidden":0,"_bbp_forum_subforum_count":0,"footnotes":""},"categories":[98,1,29],"tags":[],"class_list":["post-11941","post","type-post","status-publish","format-standard","has-post-thumbnail","hentry","category-comunicats","category-general","category-portada"],"post_mailing_queue_ids":[],"_links":{"self":[{"href":"https:\/\/agora.xtec.cat\/iesmontbui\/wp-json\/wp\/v2\/posts\/11941","targetHints":{"allow":["GET"]}}],"collection":[{"href":"https:\/\/agora.xtec.cat\/iesmontbui\/wp-json\/wp\/v2\/posts"}],"about":[{"href":"https:\/\/agora.xtec.cat\/iesmontbui\/wp-json\/wp\/v2\/types\/post"}],"author":[{"embeddable":true,"href":"https:\/\/agora.xtec.cat\/iesmontbui\/wp-json\/wp\/v2\/users\/62"}],"replies":[{"embeddable":true,"href":"https:\/\/agora.xtec.cat\/iesmontbui\/wp-json\/wp\/v2\/comments?post=11941"}],"version-history":[{"count":2,"href":"https:\/\/agora.xtec.cat\/iesmontbui\/wp-json\/wp\/v2\/posts\/11941\/revisions"}],"predecessor-version":[{"id":11944,"href":"https:\/\/agora.xtec.cat\/iesmontbui\/wp-json\/wp\/v2\/posts\/11941\/revisions\/11944"}],"wp:featuredmedia":[{"embeddable":true,"href":"https:\/\/agora.xtec.cat\/iesmontbui\/wp-json\/wp\/v2\/media\/11943"}],"wp:attachment":[{"href":"https:\/\/agora.xtec.cat\/iesmontbui\/wp-json\/wp\/v2\/media?parent=11941"}],"wp:term":[{"taxonomy":"category","embeddable":true,"href":"https:\/\/agora.xtec.cat\/iesmontbui\/wp-json\/wp\/v2\/categories?post=11941"},{"taxonomy":"post_tag","embeddable":true,"href":"https:\/\/agora.xtec.cat\/iesmontbui\/wp-json\/wp\/v2\/tags?post=11941"}],"curies":[{"name":"wp","href":"https:\/\/api.w.org\/{rel}","templated":true}]}}