{"id":11934,"date":"2026-02-09T19:51:57","date_gmt":"2026-02-09T18:51:57","guid":{"rendered":"https:\/\/agora.xtec.cat\/iesmontbui\/?p=11934"},"modified":"2026-02-09T20:26:02","modified_gmt":"2026-02-09T19:26:02","slug":"volem-un-mon-millor-ens-hi-posem","status":"publish","type":"post","link":"https:\/\/agora.xtec.cat\/iesmontbui\/portada\/volem-un-mon-millor-ens-hi-posem\/","title":{"rendered":"Volem un m\u00f3n millor, ens hi posem?"},"content":{"rendered":"<p><span style=\"font-weight: 400;\"><a href=\"https:\/\/agora.xtec.cat\/iesmontbui\/wp-content\/uploads\/usu145\/2026\/02\/IMG-20260206-WA0012-e1770662717909.jpg\"><img loading=\"lazy\" decoding=\"async\" class=\"alignright wp-image-11935\" src=\"https:\/\/agora.xtec.cat\/iesmontbui\/wp-content\/uploads\/usu145\/2026\/02\/IMG-20260206-WA0012-e1770662717909-300x130.jpg\" alt=\"\" width=\"329\" height=\"162\" \/><\/a>L&#8217;institut Montbui ha visitat, un curs m\u00e9s, l\u2019escola El Boix de Castellfollit del Boix (Bages). <\/span><span style=\"font-weight: 400;\">Tres alumnes de primer de Batxillerat, l\u2019Alba Flores, l\u2019Hugo Mu\u00f1oz i l\u2019Aleix Pastor, van explicar el passat divendres, 6 de febrer, als nens i nenes del centre alguns dels projectes d\u2019<strong>emprenedoria social<\/strong> que han fet a l\u2019institut. <\/span><\/p>\n<p><span style=\"font-weight: 400;\">Paral\u00b7lelament, l&#8217;alumnat de l&#8217;escola els va explicar una iniciativa que han desenvolupat aquest curs, anomenada \u201cEl mercat de les idees\u201d. El fil com\u00fa de tots aquests projectes \u00e9s dur a terme alguna acci\u00f3 que ajudi algun col\u00b7lectiu o millori l\u2019entorn en qu\u00e8 vivim.<\/span><\/p>\n<p><b>Desenvolupar una mirada cr\u00edtica <\/b><\/p>\n<p><span style=\"font-weight: 400;\">Una trobada que valoren positivament des del Departament de Matem\u00e0tiques i Economia. &#8220;Volem donar valor i fomentar l\u2019emprenedoria social entre el jovent perqu\u00e8 <\/span><span style=\"font-weight: 400;\">els ensenya a ser emp\u00e0tics, creatius, a tenir iniciativa, a saber treballar en equip, a confiar m\u00e9s en s\u00ed mateixos, a desenvolupar una mirada m\u00e9s cr\u00edtica amb la societat que els envolta. En definitiva, a entendre que el benefici m\u00e9s gran i durador \u00e9s la satisfacci\u00f3 de cr\u00e9ixer ajudant als altres. Ens eduquen per guanyar i no per ajudar&#8217;.<\/span><\/p>\n<p>M\u00e9s imatges, a l&#8217;Instagram.<\/p>\n","protected":false},"excerpt":{"rendered":"<p><a href=\"https:\/\/agora.xtec.cat\/iesmontbui\/wp-content\/uploads\/usu145\/2026\/02\/IMG-20260206-WA0012-e1770662717909.jpg\"><\/a>L&#8217;institut Montbui ha visitat, un curs m\u00e9s, l\u2019escola El Boix de Castellfollit del Boix (Bages). Tres alumnes de primer de Batxillerat, l\u2019Alba Flores, l\u2019Hugo Mu\u00f1oz i l\u2019Aleix Pastor, van explicar el passat divendres, 6 de febrer, als nens i nenes del centre alguns dels&hellip;  <a href=\"https:\/\/agora.xtec.cat\/iesmontbui\/portada\/volem-un-mon-millor-ens-hi-posem\/\" title=\"Read Volem un m\u00f3n millor, ens hi posem?\">Llegeix m\u00e9s\u00bb<\/a><\/p>\n","protected":false},"author":66,"featured_media":11935,"comment_status":"open","ping_status":"open","sticky":false,"template":"","format":"standard","meta":{"_bbp_topic_count":0,"_bbp_reply_count":0,"_bbp_total_topic_count":0,"_bbp_total_reply_count":0,"_bbp_voice_count":0,"_bbp_anonymous_reply_count":0,"_bbp_topic_count_hidden":0,"_bbp_reply_count_hidden":0,"_bbp_forum_subforum_count":0,"footnotes":""},"categories":[67,119,29,1038],"tags":[1523,722,1521,149,1522,1105,719],"class_list":["post-11934","post","type-post","status-publish","format-standard","has-post-thumbnail","hentry","category-batx-1","category-depmates","category-portada","category-projectes","tag-alba-flores","tag-aleix-pastor","tag-castellfollit-del-boix","tag-emprenedoria","tag-emprenedoria-social","tag-escola-el-boix","tag-hugo-munoz"],"post_mailing_queue_ids":[],"_links":{"self":[{"href":"https:\/\/agora.xtec.cat\/iesmontbui\/wp-json\/wp\/v2\/posts\/11934","targetHints":{"allow":["GET"]}}],"collection":[{"href":"https:\/\/agora.xtec.cat\/iesmontbui\/wp-json\/wp\/v2\/posts"}],"about":[{"href":"https:\/\/agora.xtec.cat\/iesmontbui\/wp-json\/wp\/v2\/types\/post"}],"author":[{"embeddable":true,"href":"https:\/\/agora.xtec.cat\/iesmontbui\/wp-json\/wp\/v2\/users\/66"}],"replies":[{"embeddable":true,"href":"https:\/\/agora.xtec.cat\/iesmontbui\/wp-json\/wp\/v2\/comments?post=11934"}],"version-history":[{"count":5,"href":"https:\/\/agora.xtec.cat\/iesmontbui\/wp-json\/wp\/v2\/posts\/11934\/revisions"}],"predecessor-version":[{"id":11940,"href":"https:\/\/agora.xtec.cat\/iesmontbui\/wp-json\/wp\/v2\/posts\/11934\/revisions\/11940"}],"wp:featuredmedia":[{"embeddable":true,"href":"https:\/\/agora.xtec.cat\/iesmontbui\/wp-json\/wp\/v2\/media\/11935"}],"wp:attachment":[{"href":"https:\/\/agora.xtec.cat\/iesmontbui\/wp-json\/wp\/v2\/media?parent=11934"}],"wp:term":[{"taxonomy":"category","embeddable":true,"href":"https:\/\/agora.xtec.cat\/iesmontbui\/wp-json\/wp\/v2\/categories?post=11934"},{"taxonomy":"post_tag","embeddable":true,"href":"https:\/\/agora.xtec.cat\/iesmontbui\/wp-json\/wp\/v2\/tags?post=11934"}],"curies":[{"name":"wp","href":"https:\/\/api.w.org\/{rel}","templated":true}]}}