{"id":11911,"date":"2026-02-06T12:19:38","date_gmt":"2026-02-06T11:19:38","guid":{"rendered":"https:\/\/agora.xtec.cat\/iesmontbui\/?p=11911"},"modified":"2026-02-12T09:07:17","modified_gmt":"2026-02-12T08:07:17","slug":"comunicat-vaga-estudiantil-11-de-febrer","status":"publish","type":"post","link":"https:\/\/agora.xtec.cat\/iesmontbui\/eso\/eso-3\/comunicat-vaga-estudiantil-11-de-febrer\/","title":{"rendered":"Comunicat: Vaga estudiantil (11 de febrer)"},"content":{"rendered":"<p><a href=\"https:\/\/agora.xtec.cat\/iesmontbui\/wp-content\/uploads\/usu145\/2026\/02\/reuniofamilies_model-8.jpg\"><img loading=\"lazy\" decoding=\"async\" class=\"alignright size-medium wp-image-11915\" src=\"https:\/\/agora.xtec.cat\/iesmontbui\/wp-content\/uploads\/usu145\/2026\/02\/reuniofamilies_model-8-300x140.jpg\" alt=\"\" width=\"300\" height=\"140\" srcset=\"https:\/\/agora.xtec.cat\/iesmontbui\/wp-content\/uploads\/usu145\/2026\/02\/reuniofamilies_model-8-300x140.jpg 300w, https:\/\/agora.xtec.cat\/iesmontbui\/wp-content\/uploads\/usu145\/2026\/02\/reuniofamilies_model-8-768x359.jpg 768w, https:\/\/agora.xtec.cat\/iesmontbui\/wp-content\/uploads\/usu145\/2026\/02\/reuniofamilies_model-8.jpg 1024w\" sizes=\"auto, (max-width: 300px) 100vw, 300px\" \/><\/a>El Sindicat d&#8217;Estudiants ha convocat una vaga pel proper <strong>dimecres, 11 de febrer,<\/strong> en solidaritat amb la vaga impulsada pel col\u00b7lectiu docent. &#8220;L\u2019escola p\u00fablica catalana porta anys sotmesa a atacs, retallades i falta de finan\u00e7ament. Els i les estudiants patim en carn pr\u00f2pia aquesta destrucci\u00f3 i la precaritzaci\u00f3 de les condicions laborals del professorat&#8221;, esmenten en el seg\u00fcent <a href=\"https:\/\/sindicatdestudiants.net\/index.php\/noticies\/movimient-estudiantil\/catalunya\/1449-11f-vaga-educativa-defensem-l-educacio-publica\">comunicat.<\/a><\/p>\n<p>En aquesta vaga s&#8217;hi han adherit els cinc grups de<strong> tercer d&#8217;ESO i quart d&#8217;ESO<\/strong> i els dos<strong> de Batxillerat.\u00a0<\/strong><\/p>\n<p>Recordem doncs que l\u2019alumnat que s\u2019adhereixi a la vaga i no vingui al centre ha de justificar-ho i, per tant, les fam\u00edlies que estigueu d\u2019acord amb el fet que els vostres fills exerceixin el dret a vaga cal que ompliu el justificant que l\u2019alumnat trobar\u00e0 impr\u00e8s a la consergeria del centre o que podeu descarregar en aquest\u00a0<a href=\"https:\/\/agora.xtec.cat\/iesmontbui\/wp-content\/uploads\/usu145\/2021\/03\/Regulaci%C3%B3-Vagues-Estudiants.pdf\">enlla\u00e7:<\/a><\/p>\n<p>EN CAP CAS PODEN ACOLLIR-SE A VAGA L\u2019ALUMNAT DE 1r i 2n D\u2019ESO.<\/p>\n<p>Atentament,<\/p>\n<p>L\u2019Equip Directiu<\/p>\n","protected":false},"excerpt":{"rendered":"<p><a href=\"https:\/\/agora.xtec.cat\/iesmontbui\/wp-content\/uploads\/usu145\/2026\/02\/reuniofamilies_model-8.jpg\"><\/a>El Sindicat d&#8217;Estudiants ha convocat una vaga pel proper dimecres, 11 de febrer, en solidaritat amb la vaga impulsada pel col\u00b7lectiu docent. &#8220;L\u2019escola p\u00fablica catalana porta anys sotmesa a atacs, retallades i falta de finan\u00e7ament. Els i les estudiants patim en carn pr\u00f2pia aquesta&hellip;  <a href=\"https:\/\/agora.xtec.cat\/iesmontbui\/eso\/eso-3\/comunicat-vaga-estudiantil-11-de-febrer\/\" title=\"Read Comunicat: Vaga estudiantil (11 de febrer)\">Llegeix m\u00e9s\u00bb<\/a><\/p>\n","protected":false},"author":66,"featured_media":11915,"comment_status":"open","ping_status":"open","sticky":false,"template":"","format":"standard","meta":{"_bbp_topic_count":0,"_bbp_reply_count":0,"_bbp_total_topic_count":0,"_bbp_total_reply_count":0,"_bbp_voice_count":0,"_bbp_anonymous_reply_count":0,"_bbp_topic_count_hidden":0,"_bbp_reply_count_hidden":0,"_bbp_forum_subforum_count":0,"footnotes":""},"categories":[8,98,6,7,62,29],"tags":[402,291,1513,1514],"class_list":["post-11911","post","type-post","status-publish","format-standard","has-post-thumbnail","hentry","category-batxillerat","category-comunicats","category-eso-3","category-eso-4","category-orgacentre","category-portada","tag-sindicat-destudiants","tag-vaga","tag-vaga-11f","tag-vaga-docents"],"post_mailing_queue_ids":[],"_links":{"self":[{"href":"https:\/\/agora.xtec.cat\/iesmontbui\/wp-json\/wp\/v2\/posts\/11911","targetHints":{"allow":["GET"]}}],"collection":[{"href":"https:\/\/agora.xtec.cat\/iesmontbui\/wp-json\/wp\/v2\/posts"}],"about":[{"href":"https:\/\/agora.xtec.cat\/iesmontbui\/wp-json\/wp\/v2\/types\/post"}],"author":[{"embeddable":true,"href":"https:\/\/agora.xtec.cat\/iesmontbui\/wp-json\/wp\/v2\/users\/66"}],"replies":[{"embeddable":true,"href":"https:\/\/agora.xtec.cat\/iesmontbui\/wp-json\/wp\/v2\/comments?post=11911"}],"version-history":[{"count":4,"href":"https:\/\/agora.xtec.cat\/iesmontbui\/wp-json\/wp\/v2\/posts\/11911\/revisions"}],"predecessor-version":[{"id":11916,"href":"https:\/\/agora.xtec.cat\/iesmontbui\/wp-json\/wp\/v2\/posts\/11911\/revisions\/11916"}],"wp:featuredmedia":[{"embeddable":true,"href":"https:\/\/agora.xtec.cat\/iesmontbui\/wp-json\/wp\/v2\/media\/11915"}],"wp:attachment":[{"href":"https:\/\/agora.xtec.cat\/iesmontbui\/wp-json\/wp\/v2\/media?parent=11911"}],"wp:term":[{"taxonomy":"category","embeddable":true,"href":"https:\/\/agora.xtec.cat\/iesmontbui\/wp-json\/wp\/v2\/categories?post=11911"},{"taxonomy":"post_tag","embeddable":true,"href":"https:\/\/agora.xtec.cat\/iesmontbui\/wp-json\/wp\/v2\/tags?post=11911"}],"curies":[{"name":"wp","href":"https:\/\/api.w.org\/{rel}","templated":true}]}}