{"id":11900,"date":"2026-01-29T11:41:33","date_gmt":"2026-01-29T10:41:33","guid":{"rendered":"https:\/\/agora.xtec.cat\/iesmontbui\/?p=11900"},"modified":"2026-01-28T18:42:51","modified_gmt":"2026-01-28T17:42:51","slug":"celebracio-del-carnaval-2026","status":"publish","type":"post","link":"https:\/\/agora.xtec.cat\/iesmontbui\/portada\/celebracio-del-carnaval-2026\/","title":{"rendered":"Celebraci\u00f3 del Carnaval 2026"},"content":{"rendered":"<p dir=\"ltr\"><a href=\"https:\/\/agora.xtec.cat\/iesmontbui\/wp-content\/uploads\/usu145\/2026\/01\/Cartell-carnaval-2026-1.png\"><img loading=\"lazy\" decoding=\"async\" class=\"alignright size-medium wp-image-11902\" src=\"https:\/\/agora.xtec.cat\/iesmontbui\/wp-content\/uploads\/usu145\/2026\/01\/Cartell-carnaval-2026-1-212x300.png\" alt=\"\" width=\"212\" height=\"300\" srcset=\"https:\/\/agora.xtec.cat\/iesmontbui\/wp-content\/uploads\/usu145\/2026\/01\/Cartell-carnaval-2026-1-212x300.png 212w, https:\/\/agora.xtec.cat\/iesmontbui\/wp-content\/uploads\/usu145\/2026\/01\/Cartell-carnaval-2026-1-724x1024.png 724w, https:\/\/agora.xtec.cat\/iesmontbui\/wp-content\/uploads\/usu145\/2026\/01\/Cartell-carnaval-2026-1-768x1086.png 768w, https:\/\/agora.xtec.cat\/iesmontbui\/wp-content\/uploads\/usu145\/2026\/01\/Cartell-carnaval-2026-1-1086x1536.png 1086w, https:\/\/agora.xtec.cat\/iesmontbui\/wp-content\/uploads\/usu145\/2026\/01\/Cartell-carnaval-2026-1-1448x2048.png 1448w, https:\/\/agora.xtec.cat\/iesmontbui\/wp-content\/uploads\/usu145\/2026\/01\/Cartell-carnaval-2026-1.png 1587w\" sizes=\"auto, (max-width: 212px) 100vw, 212px\" \/><\/a>El <strong>Carnaval 2026<\/strong> se celebrar\u00e0 al centre el proper <strong>divendres 13 de febrer. <\/strong>Ser\u00e0 a les dues darreres hores lectives, de <strong>12.30 h a 14.30 hores.<\/strong> Es deixaran els primers 15 minuts perqu\u00e8 l\u2019alumnat pugui acabar d\u2019ultimar els detalls de les disfresses i la sortida al pati s\u2019iniciar\u00e0 a les 12:45 h.<\/p>\n<p dir=\"ltr\">A les 12.50 h la <strong>Xaranga<\/strong> de l&#8217;Institut donar\u00e0 el tret de sortida amb unes can\u00e7ons de benvinguda i obertura de l&#8217;acte, i s&#8217;aniran cridant als diversos cursos i classes per ordre.<\/p>\n<p dir=\"ltr\"><strong>Concurs i premis<\/strong><\/p>\n<ul>\n<li dir=\"ltr\">\n<p dir=\"ltr\" role=\"presentation\">Premi a les millors disfresses grupals (amb 1 premi per nivell, 1r, 2n, 3r, 4t i Batxillerat+PFI).<\/p>\n<\/li>\n<li dir=\"ltr\">\n<p dir=\"ltr\" role=\"presentation\">Premi a la millor disfressa individual.<\/p>\n<\/li>\n<li dir=\"ltr\">\n<p dir=\"ltr\" role=\"presentation\">Premi categoria de professorat. La participaci\u00f3 del professorat enguany ser\u00e0 per grups oberts (m\u00ednim 2 persones).<\/p>\n<\/li>\n<\/ul>\n<p dir=\"ltr\">Si hi ha temps, es diran els guanyadors el mateix dia, al final de la jornada.\u00a0A m\u00e9s del premi per nivell, hi haur\u00e0\u00a0diploma per al 1r, 2n i 3r classificat de cada nivell.<\/p>\n<p dir=\"ltr\">Enguany s&#8217;ha proposat una\u00a0tem\u00e0tica comuna\u00a0per a tot el centre relacionada amb pel\u00b7l\u00edcules i s\u00e8ries.<\/p>\n<p dir=\"ltr\"><strong>El rei Carnestoltes posa deures\u00a0<\/strong><\/p>\n<p dir=\"ltr\">A m\u00e9s, el rei Carnestoltes ens ha volgut posar deures. A continuaci\u00f3 teniu les consignes setmanals per a tot el centre:<\/p>\n<ul>\n<li dir=\"ltr\">\n<p dir=\"ltr\" role=\"presentation\">Dilluns 9\/2: pijama<\/p>\n<\/li>\n<li dir=\"ltr\">\n<p dir=\"ltr\" role=\"presentation\">Dimarts 10\/2: roba del rev\u00e9s<\/p>\n<\/li>\n<li dir=\"ltr\">\n<p dir=\"ltr\" role=\"presentation\">Dimecres 11\/2: vestits d\u2019un dels colors del parx\u00eds<\/p>\n<\/li>\n<li dir=\"ltr\">\n<p dir=\"ltr\" role=\"presentation\">Dijous 12\/2: pentinat divertit<\/p>\n<\/li>\n<li dir=\"ltr\">\n<p dir=\"ltr\" role=\"presentation\">Divendres 13\/02: disfressa (amb el grup classe, individual&#8230;)<\/p>\n<\/li>\n<\/ul>\n","protected":false},"excerpt":{"rendered":"<p><a href=\"https:\/\/agora.xtec.cat\/iesmontbui\/wp-content\/uploads\/usu145\/2026\/01\/Cartell-carnaval-2026-1.png\"><\/a>El Carnaval 2026 se celebrar\u00e0 al centre el proper divendres 13 de febrer. Ser\u00e0 a les dues darreres hores lectives, de 12.30 h a 14.30 hores. Es deixaran els primers 15 minuts perqu\u00e8 l\u2019alumnat pugui acabar d\u2019ultimar els detalls de les disfresses i la&hellip;  <a href=\"https:\/\/agora.xtec.cat\/iesmontbui\/portada\/celebracio-del-carnaval-2026\/\" title=\"Read Celebraci\u00f3 del Carnaval 2026\">Llegeix m\u00e9s\u00bb<\/a><\/p>\n","protected":false},"author":66,"featured_media":11901,"comment_status":"open","ping_status":"open","sticky":false,"template":"","format":"standard","meta":{"_bbp_topic_count":0,"_bbp_reply_count":0,"_bbp_total_topic_count":0,"_bbp_total_reply_count":0,"_bbp_voice_count":0,"_bbp_anonymous_reply_count":0,"_bbp_topic_count_hidden":0,"_bbp_reply_count_hidden":0,"_bbp_forum_subforum_count":0,"footnotes":""},"categories":[346,29],"tags":[1507,1508,1509,1204],"class_list":["post-11900","post","type-post","status-publish","format-standard","has-post-thumbnail","hentry","category-carnestoltes","category-portada","tag-carnaval-2026","tag-carnaval-2026-ins-montbui","tag-carnestoltes-2026","tag-xaranga"],"post_mailing_queue_ids":[],"_links":{"self":[{"href":"https:\/\/agora.xtec.cat\/iesmontbui\/wp-json\/wp\/v2\/posts\/11900","targetHints":{"allow":["GET"]}}],"collection":[{"href":"https:\/\/agora.xtec.cat\/iesmontbui\/wp-json\/wp\/v2\/posts"}],"about":[{"href":"https:\/\/agora.xtec.cat\/iesmontbui\/wp-json\/wp\/v2\/types\/post"}],"author":[{"embeddable":true,"href":"https:\/\/agora.xtec.cat\/iesmontbui\/wp-json\/wp\/v2\/users\/66"}],"replies":[{"embeddable":true,"href":"https:\/\/agora.xtec.cat\/iesmontbui\/wp-json\/wp\/v2\/comments?post=11900"}],"version-history":[{"count":3,"href":"https:\/\/agora.xtec.cat\/iesmontbui\/wp-json\/wp\/v2\/posts\/11900\/revisions"}],"predecessor-version":[{"id":11905,"href":"https:\/\/agora.xtec.cat\/iesmontbui\/wp-json\/wp\/v2\/posts\/11900\/revisions\/11905"}],"wp:featuredmedia":[{"embeddable":true,"href":"https:\/\/agora.xtec.cat\/iesmontbui\/wp-json\/wp\/v2\/media\/11901"}],"wp:attachment":[{"href":"https:\/\/agora.xtec.cat\/iesmontbui\/wp-json\/wp\/v2\/media?parent=11900"}],"wp:term":[{"taxonomy":"category","embeddable":true,"href":"https:\/\/agora.xtec.cat\/iesmontbui\/wp-json\/wp\/v2\/categories?post=11900"},{"taxonomy":"post_tag","embeddable":true,"href":"https:\/\/agora.xtec.cat\/iesmontbui\/wp-json\/wp\/v2\/tags?post=11900"}],"curies":[{"name":"wp","href":"https:\/\/api.w.org\/{rel}","templated":true}]}}