{"id":11838,"date":"2025-12-04T11:10:10","date_gmt":"2025-12-04T10:10:10","guid":{"rendered":"https:\/\/agora.xtec.cat\/iesmontbui\/?p=11838"},"modified":"2025-12-04T11:10:10","modified_gmt":"2025-12-04T10:10:10","slug":"bases-concurs-postals-de-nadal-2025","status":"publish","type":"post","link":"https:\/\/agora.xtec.cat\/iesmontbui\/portada\/bases-concurs-postals-de-nadal-2025\/","title":{"rendered":"Bases Concurs Postals de Nadal 2025"},"content":{"rendered":"<p>Torna, un Nadal m\u00e9s, el concurs de postals a l\u2019INS Montbui. Quines seran les millors de l\u2019edici\u00f3 2025? El <strong>Departament d\u2019Expressi\u00f3<\/strong>\u00a0ha fet p\u00fabliques les\u00a0<strong>bases de participaci\u00f3<\/strong>, que s\u00f3n les seg\u00fcents:<\/p>\n<p><b>DATA D\u2019INICI I DATA DE FINALITZACI\u00d3\u00a0<\/b><\/p>\n<p>A partir del 3 de desembre fins al 15 de desembre.<\/p>\n<ol>\n<li>a)\u00a0<b>EN PAPER:<\/b>\u00a0podeu deixar les postals a una caixa de consergeria.<\/li>\n<li>b)\u00a0<b>DIGITALS:<\/b>\u00a0enviar-les per correu a\u00a0<a href=\"mailto:marti@imontbui.org\">marti@imontbui.org\u00a0<\/a>o <a href=\"mailto:mireia.camacho@imontbui.org\">claudia.juncosa@imontbui.org<\/a>\u00a0(indicant en l\u2019assumpte: POSTAL DE NADAL)<\/li>\n<\/ol>\n<p><b>REQUISITS DE PARTICIPACI\u00d3\u00a0<\/b><\/p>\n<p>Cal indicar a quina categoria pertanys:<\/p>\n<p>\u2219\u00a0<b>CATEGORIA A<\/b>\u00a0: tots els alumnes de 1r i 2n d\u2019ESO<\/p>\n<p>\u2219\u00a0<strong>C<\/strong><b>ATEGORIA B:<\/b>\u00a0tots els alumnes de 3r,4t, PFI i Batxillerat<\/p>\n<p>\u2219\u00a0<b>CATEGORIA P<\/b>\u00a0(de professors): adre\u00e7at al professorat de l\u2019Institut<\/p>\n<p>\u2219\u00a0<b>DIGITAL:<\/b>\u00a0per a tots els alumnes i professors<\/p>\n<p><b>CONDICIONS DEL CONCURS I PREMIS\u00a0<\/b><\/p>\n<p>Cal entregar les postals amb el nom, cognom, curs i categoria\u00a0<b>al darrere<\/b>.<\/p>\n<p>Ha de ser mida DIN-A5\u00a0<b>i no s\u2019ha d\u2019obrir<\/b>\u00a0tipus llibret, ha de ser plana.<\/p>\n<p><b>Digitals:<\/b>\u00a0Qualsevol mena d\u2019animaci\u00f3 de creaci\u00f3 pr\u00f2pia, de curta durada, amb imatges lliures,\u00a0 sense drets d\u2019autor o de Creative Commons, il\u00b7lustracions o imatges pr\u00f2pies. Si hi ha m\u00fasica que tamb\u00e9 siguin de domini p\u00fablic. Amb una durada de 40 segons, m\u00e0xim 1 minut.<\/p>\n<p>Hi haur\u00e0 un premi per cada categoria.<\/p>\n","protected":false},"excerpt":{"rendered":"<p>Torna, un Nadal m\u00e9s, el concurs de postals a l\u2019INS Montbui. Quines seran les millors de l\u2019edici\u00f3 2025? El Departament d\u2019Expressi\u00f3\u00a0ha fet p\u00fabliques les\u00a0bases de participaci\u00f3, que s\u00f3n les seg\u00fcents:<br \/>\nDATA D\u2019INICI I DATA DE FINALITZACI\u00d3\u00a0<br \/>\nA partir del 3 de desembre fins al 15 de desembre.<\/p>\n<ol>\n<li>a)\u00a0EN&hellip;  <a href=\"https:\/\/agora.xtec.cat\/iesmontbui\/portada\/bases-concurs-postals-de-nadal-2025\/\" title=\"Read Bases Concurs Postals de Nadal 2025\">Llegeix m\u00e9s\u00bb<\/a><br \/>\n","protected":false},"author":66,"featured_media":11839,"comment_status":"open","ping_status":"open","sticky":false,"template":"","format":"standard","meta":{"_bbp_topic_count":0,"_bbp_reply_count":0,"_bbp_total_topic_count":0,"_bbp_total_reply_count":0,"_bbp_voice_count":0,"_bbp_anonymous_reply_count":0,"_bbp_topic_count_hidden":0,"_bbp_reply_count_hidden":0,"_bbp_forum_subforum_count":0,"footnotes":""},"categories":[121,62,29],"tags":[458,1485],"class_list":["post-11838","post","type-post","status-publish","format-standard","has-post-thumbnail","hentry","category-depexpressio","category-orgacentre","category-portada","tag-concurs-postals-nadal","tag-concurs-postals-nadal-2025"],"post_mailing_queue_ids":[],"_links":{"self":[{"href":"https:\/\/agora.xtec.cat\/iesmontbui\/wp-json\/wp\/v2\/posts\/11838","targetHints":{"allow":["GET"]}}],"collection":[{"href":"https:\/\/agora.xtec.cat\/iesmontbui\/wp-json\/wp\/v2\/posts"}],"about":[{"href":"https:\/\/agora.xtec.cat\/iesmontbui\/wp-json\/wp\/v2\/types\/post"}],"author":[{"embeddable":true,"href":"https:\/\/agora.xtec.cat\/iesmontbui\/wp-json\/wp\/v2\/users\/66"}],"replies":[{"embeddable":true,"href":"https:\/\/agora.xtec.cat\/iesmontbui\/wp-json\/wp\/v2\/comments?post=11838"}],"version-history":[{"count":1,"href":"https:\/\/agora.xtec.cat\/iesmontbui\/wp-json\/wp\/v2\/posts\/11838\/revisions"}],"predecessor-version":[{"id":11840,"href":"https:\/\/agora.xtec.cat\/iesmontbui\/wp-json\/wp\/v2\/posts\/11838\/revisions\/11840"}],"wp:featuredmedia":[{"embeddable":true,"href":"https:\/\/agora.xtec.cat\/iesmontbui\/wp-json\/wp\/v2\/media\/11839"}],"wp:attachment":[{"href":"https:\/\/agora.xtec.cat\/iesmontbui\/wp-json\/wp\/v2\/media?parent=11838"}],"wp:term":[{"taxonomy":"category","embeddable":true,"href":"https:\/\/agora.xtec.cat\/iesmontbui\/wp-json\/wp\/v2\/categories?post=11838"},{"taxonomy":"post_tag","embeddable":true,"href":"https:\/\/agora.xtec.cat\/iesmontbui\/wp-json\/wp\/v2\/tags?post=11838"}],"curies":[{"name":"wp","href":"https:\/\/api.w.org\/{rel}","templated":true}]}}