{"id":11807,"date":"2025-11-20T10:47:44","date_gmt":"2025-11-20T09:47:44","guid":{"rendered":"https:\/\/agora.xtec.cat\/iesmontbui\/?p=11807"},"modified":"2025-11-20T11:10:31","modified_gmt":"2025-11-20T10:10:31","slug":"celebracio-de-santa-celicia-2025","status":"publish","type":"post","link":"https:\/\/agora.xtec.cat\/iesmontbui\/portada\/celebracio-de-santa-celicia-2025\/","title":{"rendered":"Celebraci\u00f3 de Santa Cecilia i 25N 2025"},"content":{"rendered":"<p>L&#8217;institut Montbui ha commemorat, un any m\u00e9s, la <strong>Diada de Santa Cecilia,<\/strong> patrona de la M\u00fasica. Ho ha fet amb el tradicional concert al gimn\u00e0s amb la participaci\u00f3 de l&#8217;alumnat dels <strong>projectes de M\u00fasica i Arts Esc\u00e8niques, aix\u00ed com la Coral.<\/strong> El repertori ha comptat amb peces com \u201cFrases que pesen\u201d, \u201cMaletes que no marxen\u201d, \u201cDones titella\u201d, o &#8220;Bella Ciao&#8221;.<\/p>\n<p><iframe loading=\"lazy\" src=\"https:\/\/drive.google.com\/file\/d\/11k46X1BQGkQaBVvRHnTyK4ak5Q6nDqHu\/preview\" width=\"640\" height=\"480\"><\/iframe><\/p>\n<p><iframe loading=\"lazy\" src=\"https:\/\/drive.google.com\/file\/d\/15W0FS7bu3F3ia4wxEFvAlg5BYcy0jHOf\/preview\" width=\"640\" height=\"480\"><\/iframe><\/p>\n<p>Durant l&#8217;acte tamb\u00e9 s&#8217;ha aprofitat per donar visibilitat al <strong>25N, Dia Internacional de l&#8217;Eliminaci\u00f3 de la Viol\u00e8ncia contra les dones, <\/strong>amb la representaci\u00f3 de diverses escenes de conscienciaci\u00f3 de la tem\u00e0tica:<\/p>\n<p><iframe loading=\"lazy\" src=\"https:\/\/drive.google.com\/file\/d\/16QIRM9XEjh3kzVr3Xqwb6plKpjeOQ8F2\/preview\" width=\"640\" height=\"480\"><\/iframe><\/p>\n<p>La matinal tamb\u00e9 ha comptat amb les actuacions de diversos professors i amb l&#8217;assist\u00e8ncia, com a p\u00fablic, de l&#8217;alumnat dels diversos nivells.<\/p>\n<p><iframe loading=\"lazy\" src=\"https:\/\/drive.google.com\/file\/d\/1tXr5ZLuTJATxEj0qtr3v2hqH2hvF4Y93\/preview\" width=\"640\" height=\"480\"><\/iframe><\/p>\n<p>No hi han faltat tampoc, les postres de m\u00fasic per amenitzar la vetllada.<\/p>\n<p>M\u00e9s imatges a l&#8217;Instagram del centre i a la carpeta Drive: <a href=\"https:\/\/drive.google.com\/drive\/folders\/1JhYIo3Z4nKSu-CflHM2u38c8D3xmGfll\">https:\/\/drive.google.com\/drive\/folders\/1JhYIo3Z4nKSu-CflHM2u38c8D3xmGfll<\/a><\/p>\n<p>&nbsp;<\/p>\n","protected":false},"excerpt":{"rendered":"<p>L&#8217;institut Montbui ha commemorat, un any m\u00e9s, la Diada de Santa Cecilia, patrona de la M\u00fasica. Ho ha fet amb el tradicional concert al gimn\u00e0s amb la participaci\u00f3 de l&#8217;alumnat dels projectes de M\u00fasica i Arts Esc\u00e8niques, aix\u00ed com la Coral. El repertori ha comptat&hellip;  <a href=\"https:\/\/agora.xtec.cat\/iesmontbui\/portada\/celebracio-de-santa-celicia-2025\/\" title=\"Read Celebraci\u00f3 de Santa Cecilia i 25N 2025\">Llegeix m\u00e9s\u00bb<\/a><\/p>\n","protected":false},"author":66,"featured_media":11811,"comment_status":"open","ping_status":"open","sticky":false,"template":"","format":"standard","meta":{"_bbp_topic_count":0,"_bbp_reply_count":0,"_bbp_total_topic_count":0,"_bbp_total_reply_count":0,"_bbp_voice_count":0,"_bbp_anonymous_reply_count":0,"_bbp_topic_count_hidden":0,"_bbp_reply_count_hidden":0,"_bbp_forum_subforum_count":0,"footnotes":""},"categories":[62,29],"tags":[1475,1477,442,1474,1476],"class_list":["post-11807","post","type-post","status-publish","format-standard","has-post-thumbnail","hentry","category-orgacentre","category-portada","tag-25n","tag-8n","tag-concert-de-santa-cecilia","tag-concert-de-santa-cecilia-2025","tag-dia-internacional-violencia-envers-les-dones-2025"],"post_mailing_queue_ids":[],"_links":{"self":[{"href":"https:\/\/agora.xtec.cat\/iesmontbui\/wp-json\/wp\/v2\/posts\/11807","targetHints":{"allow":["GET"]}}],"collection":[{"href":"https:\/\/agora.xtec.cat\/iesmontbui\/wp-json\/wp\/v2\/posts"}],"about":[{"href":"https:\/\/agora.xtec.cat\/iesmontbui\/wp-json\/wp\/v2\/types\/post"}],"author":[{"embeddable":true,"href":"https:\/\/agora.xtec.cat\/iesmontbui\/wp-json\/wp\/v2\/users\/66"}],"replies":[{"embeddable":true,"href":"https:\/\/agora.xtec.cat\/iesmontbui\/wp-json\/wp\/v2\/comments?post=11807"}],"version-history":[{"count":6,"href":"https:\/\/agora.xtec.cat\/iesmontbui\/wp-json\/wp\/v2\/posts\/11807\/revisions"}],"predecessor-version":[{"id":11817,"href":"https:\/\/agora.xtec.cat\/iesmontbui\/wp-json\/wp\/v2\/posts\/11807\/revisions\/11817"}],"wp:featuredmedia":[{"embeddable":true,"href":"https:\/\/agora.xtec.cat\/iesmontbui\/wp-json\/wp\/v2\/media\/11811"}],"wp:attachment":[{"href":"https:\/\/agora.xtec.cat\/iesmontbui\/wp-json\/wp\/v2\/media?parent=11807"}],"wp:term":[{"taxonomy":"category","embeddable":true,"href":"https:\/\/agora.xtec.cat\/iesmontbui\/wp-json\/wp\/v2\/categories?post=11807"},{"taxonomy":"post_tag","embeddable":true,"href":"https:\/\/agora.xtec.cat\/iesmontbui\/wp-json\/wp\/v2\/tags?post=11807"}],"curies":[{"name":"wp","href":"https:\/\/api.w.org\/{rel}","templated":true}]}}