{"id":11774,"date":"2025-10-30T19:20:49","date_gmt":"2025-10-30T18:20:49","guid":{"rendered":"https:\/\/agora.xtec.cat\/iesmontbui\/?p=11774"},"modified":"2025-11-13T15:23:04","modified_gmt":"2025-11-13T14:23:04","slug":"comunicat-eleccions-al-consell-escolar","status":"publish","type":"post","link":"https:\/\/agora.xtec.cat\/iesmontbui\/portada\/comunicat-eleccions-al-consell-escolar\/","title":{"rendered":"Comunicat: Eleccions al Consell Escolar"},"content":{"rendered":"<p><a href=\"https:\/\/agora.xtec.cat\/iesmontbui\/wp-content\/uploads\/usu145\/2025\/10\/reuniofamilies_model-9.jpg\"><img loading=\"lazy\" decoding=\"async\" class=\"alignright size-medium wp-image-11775\" src=\"https:\/\/agora.xtec.cat\/iesmontbui\/wp-content\/uploads\/usu145\/2025\/10\/reuniofamilies_model-9-300x140.jpg\" alt=\"\" width=\"300\" height=\"140\" srcset=\"https:\/\/agora.xtec.cat\/iesmontbui\/wp-content\/uploads\/usu145\/2025\/10\/reuniofamilies_model-9-300x140.jpg 300w, https:\/\/agora.xtec.cat\/iesmontbui\/wp-content\/uploads\/usu145\/2025\/10\/reuniofamilies_model-9-768x359.jpg 768w, https:\/\/agora.xtec.cat\/iesmontbui\/wp-content\/uploads\/usu145\/2025\/10\/reuniofamilies_model-9.jpg 1024w\" sizes=\"auto, (max-width: 300px) 100vw, 300px\" \/><\/a>Benvolgudes fam\u00edlies,<\/p>\n<p>Com ja sabeu cada dos cursos hi ha<strong> renovaci\u00f3 de membres del Consell Escolar,<\/strong> el m\u00e0xim \u00f2rgan de decisi\u00f3 d&#8217;un centre educatiu, en qu\u00e8 estan representats tots els sectors de la comunitat educativa.<\/p>\n<p>Trobareu ja exposats els censos electorals als suros dels vest\u00edbuls i sala de professors dels diferents sectors de la comunitat educativa. El per\u00edode de reclamaci\u00f3 \u00e9s fins el dia 3 de novembre.<\/p>\n<p>Amb l&#8217;obertura d&#8217;aquest proc\u00e9s democr\u00e0tic us vull convidar a presentar la vostra candidatura per formar-ne part a aquells que vulgueu representar les fam\u00edlies. <strong>Les candidatures s&#8217;han de presentar per escrit abans de l&#8217;11 de novembre.<\/strong> Teniu els documents a disposici\u00f3 a la secretaria del centre i cal fer-los arribar a direcci\u00f3 que els presentar\u00e0 a la mesa un cop constitu\u00efda el 10 de novembre.<\/p>\n<p><strong>Les votacions seran el 18 de novembre de les 17.30 hores a les 19:30 hores.<\/strong> Ens podreu fer arribar la presentaci\u00f3 de la vostra candidatura per publicar a les xarxes, tamb\u00e9.<\/p>\n<p>La disponibilitat presencial per poder assistir a les reunions del Consell Escolar en principi ha de ser els dimarts a les 19:00.<\/p>\n<p>Moltes gr\u00e0cies per la vostra implicaci\u00f3,<\/p>\n<p>Equip directiu<\/p>\n<p>Arxiu adjunt:<\/p>\n<p><a href=\"https:\/\/agora.xtec.cat\/iesmontbui\/wp-content\/uploads\/usu145\/2025\/10\/A634.pdf\">Formulari Candidatura Escolar<\/a><\/p>\n","protected":false},"excerpt":{"rendered":"<p><a href=\"https:\/\/agora.xtec.cat\/iesmontbui\/wp-content\/uploads\/usu145\/2025\/10\/reuniofamilies_model-9.jpg\"><\/a>Benvolgudes fam\u00edlies,<br \/>\nCom ja sabeu cada dos cursos hi ha renovaci\u00f3 de membres del Consell Escolar, el m\u00e0xim \u00f2rgan de decisi\u00f3 d&#8217;un centre educatiu, en qu\u00e8 estan representats tots els sectors de la comunitat educativa.<br \/>\nTrobareu ja exposats els censos electorals als suros dels vest\u00edbuls i&hellip;  <a href=\"https:\/\/agora.xtec.cat\/iesmontbui\/portada\/comunicat-eleccions-al-consell-escolar\/\" title=\"Read Comunicat: Eleccions al Consell Escolar\">Llegeix m\u00e9s\u00bb<\/a><\/p>\n","protected":false},"author":66,"featured_media":11775,"comment_status":"open","ping_status":"open","sticky":false,"template":"","format":"standard","meta":{"_bbp_topic_count":0,"_bbp_reply_count":0,"_bbp_total_topic_count":0,"_bbp_total_reply_count":0,"_bbp_voice_count":0,"_bbp_anonymous_reply_count":0,"_bbp_topic_count_hidden":0,"_bbp_reply_count_hidden":0,"_bbp_forum_subforum_count":0,"footnotes":""},"categories":[98,63,29],"tags":[434,418,416],"class_list":["post-11774","post","type-post","status-publish","format-standard","has-post-thumbnail","hentry","category-comunicats","category-organscentre","category-portada","tag-candidatures-families-ins-montbui","tag-consell-escolar","tag-eleccions-consell-escolar"],"post_mailing_queue_ids":[],"_links":{"self":[{"href":"https:\/\/agora.xtec.cat\/iesmontbui\/wp-json\/wp\/v2\/posts\/11774","targetHints":{"allow":["GET"]}}],"collection":[{"href":"https:\/\/agora.xtec.cat\/iesmontbui\/wp-json\/wp\/v2\/posts"}],"about":[{"href":"https:\/\/agora.xtec.cat\/iesmontbui\/wp-json\/wp\/v2\/types\/post"}],"author":[{"embeddable":true,"href":"https:\/\/agora.xtec.cat\/iesmontbui\/wp-json\/wp\/v2\/users\/66"}],"replies":[{"embeddable":true,"href":"https:\/\/agora.xtec.cat\/iesmontbui\/wp-json\/wp\/v2\/comments?post=11774"}],"version-history":[{"count":4,"href":"https:\/\/agora.xtec.cat\/iesmontbui\/wp-json\/wp\/v2\/posts\/11774\/revisions"}],"predecessor-version":[{"id":11790,"href":"https:\/\/agora.xtec.cat\/iesmontbui\/wp-json\/wp\/v2\/posts\/11774\/revisions\/11790"}],"wp:featuredmedia":[{"embeddable":true,"href":"https:\/\/agora.xtec.cat\/iesmontbui\/wp-json\/wp\/v2\/media\/11775"}],"wp:attachment":[{"href":"https:\/\/agora.xtec.cat\/iesmontbui\/wp-json\/wp\/v2\/media?parent=11774"}],"wp:term":[{"taxonomy":"category","embeddable":true,"href":"https:\/\/agora.xtec.cat\/iesmontbui\/wp-json\/wp\/v2\/categories?post=11774"},{"taxonomy":"post_tag","embeddable":true,"href":"https:\/\/agora.xtec.cat\/iesmontbui\/wp-json\/wp\/v2\/tags?post=11774"}],"curies":[{"name":"wp","href":"https:\/\/api.w.org\/{rel}","templated":true}]}}