{"id":11763,"date":"2025-10-27T11:49:51","date_gmt":"2025-10-27T10:49:51","guid":{"rendered":"https:\/\/agora.xtec.cat\/iesmontbui\/?p=11763"},"modified":"2025-10-27T11:54:20","modified_gmt":"2025-10-27T10:54:20","slug":"video-lins-montbui-seleccionat-pel-retotech","status":"publish","type":"post","link":"https:\/\/agora.xtec.cat\/iesmontbui\/portada\/video-lins-montbui-seleccionat-pel-retotech\/","title":{"rendered":"Video: L&#8217;INS Montbui, seleccionat pel Retotech!"},"content":{"rendered":"<p>L&#8217;INS Montbui ha estat seleccionat per participar un curs m\u00e9s al festival Retotech, organitzat per la F<span class=\"x7l2uk3 xt0e3qv\">undaci\u00f3n Endesa. <\/span>Es tracta d\u2019una trobada anual que promou la creativitat i la tecnologia entre els centres educatius.<\/p>\n<p>\ud83c\udfa5Aquest \u00e9s el v\u00eddeo que l&#8217;alumnat de Digitalitzaci\u00f3, de 4t d&#8217;ESO, ha elaborat presentar la candidatura per formar part en aquest certamen:<\/p>\n<p><iframe loading=\"lazy\" src=\"https:\/\/drive.google.com\/file\/d\/1oONAv9UVfTu7YYfT5wbZFIq-VU9nPpbz\/preview\" width=\"640\" height=\"480\"><\/iframe><\/p>\n","protected":false},"excerpt":{"rendered":"<p>L&#8217;INS Montbui ha estat seleccionat per participar un curs m\u00e9s al festival Retotech, organitzat per la Fundaci\u00f3n Endesa. Es tracta d\u2019una trobada anual que promou la creativitat i la tecnologia entre els centres educatius.<br \/>\n\ud83c\udfa5Aquest \u00e9s el v\u00eddeo que l&#8217;alumnat de Digitalitzaci\u00f3, de 4t d&#8217;ESO, ha&hellip;  <a href=\"https:\/\/agora.xtec.cat\/iesmontbui\/portada\/video-lins-montbui-seleccionat-pel-retotech\/\" title=\"Read Video: L&#8217;INS Montbui, seleccionat pel Retotech!\">Llegeix m\u00e9s\u00bb<\/a><\/p>\n","protected":false},"author":66,"featured_media":11764,"comment_status":"open","ping_status":"open","sticky":false,"template":"","format":"standard","meta":{"_bbp_topic_count":0,"_bbp_reply_count":0,"_bbp_total_topic_count":0,"_bbp_total_reply_count":0,"_bbp_voice_count":0,"_bbp_anonymous_reply_count":0,"_bbp_topic_count_hidden":0,"_bbp_reply_count_hidden":0,"_bbp_forum_subforum_count":0,"footnotes":""},"categories":[122,29],"tags":[1005,1464,1465],"class_list":["post-11763","post","type-post","status-publish","format-standard","has-post-thumbnail","hentry","category-deptecno","category-portada","tag-digitalitzacio","tag-retotech-2025-2026","tag-video-inscripcio-retotech"],"post_mailing_queue_ids":[],"_links":{"self":[{"href":"https:\/\/agora.xtec.cat\/iesmontbui\/wp-json\/wp\/v2\/posts\/11763","targetHints":{"allow":["GET"]}}],"collection":[{"href":"https:\/\/agora.xtec.cat\/iesmontbui\/wp-json\/wp\/v2\/posts"}],"about":[{"href":"https:\/\/agora.xtec.cat\/iesmontbui\/wp-json\/wp\/v2\/types\/post"}],"author":[{"embeddable":true,"href":"https:\/\/agora.xtec.cat\/iesmontbui\/wp-json\/wp\/v2\/users\/66"}],"replies":[{"embeddable":true,"href":"https:\/\/agora.xtec.cat\/iesmontbui\/wp-json\/wp\/v2\/comments?post=11763"}],"version-history":[{"count":2,"href":"https:\/\/agora.xtec.cat\/iesmontbui\/wp-json\/wp\/v2\/posts\/11763\/revisions"}],"predecessor-version":[{"id":11766,"href":"https:\/\/agora.xtec.cat\/iesmontbui\/wp-json\/wp\/v2\/posts\/11763\/revisions\/11766"}],"wp:featuredmedia":[{"embeddable":true,"href":"https:\/\/agora.xtec.cat\/iesmontbui\/wp-json\/wp\/v2\/media\/11764"}],"wp:attachment":[{"href":"https:\/\/agora.xtec.cat\/iesmontbui\/wp-json\/wp\/v2\/media?parent=11763"}],"wp:term":[{"taxonomy":"category","embeddable":true,"href":"https:\/\/agora.xtec.cat\/iesmontbui\/wp-json\/wp\/v2\/categories?post=11763"},{"taxonomy":"post_tag","embeddable":true,"href":"https:\/\/agora.xtec.cat\/iesmontbui\/wp-json\/wp\/v2\/tags?post=11763"}],"curies":[{"name":"wp","href":"https:\/\/api.w.org\/{rel}","templated":true}]}}