{"id":11749,"date":"2025-10-23T14:15:21","date_gmt":"2025-10-23T12:15:21","guid":{"rendered":"https:\/\/agora.xtec.cat\/iesmontbui\/?p=11749"},"modified":"2025-10-23T14:15:56","modified_gmt":"2025-10-23T12:15:56","slug":"comunicat-vaga-estudiantil-28-doctubre","status":"publish","type":"post","link":"https:\/\/agora.xtec.cat\/iesmontbui\/general\/comunicat-vaga-estudiantil-28-doctubre\/","title":{"rendered":"Comunicat: Vaga estudiantil (28 d&#8217;octubre)"},"content":{"rendered":"<p><a href=\"https:\/\/agora.xtec.cat\/iesmontbui\/wp-content\/uploads\/usu145\/2025\/10\/reuniofamilies_model-7.jpg\"><img loading=\"lazy\" decoding=\"async\" class=\"alignright size-medium wp-image-11754\" src=\"https:\/\/agora.xtec.cat\/iesmontbui\/wp-content\/uploads\/usu145\/2025\/10\/reuniofamilies_model-7-300x140.jpg\" alt=\"\" width=\"300\" height=\"140\" srcset=\"https:\/\/agora.xtec.cat\/iesmontbui\/wp-content\/uploads\/usu145\/2025\/10\/reuniofamilies_model-7-300x140.jpg 300w, https:\/\/agora.xtec.cat\/iesmontbui\/wp-content\/uploads\/usu145\/2025\/10\/reuniofamilies_model-7-768x359.jpg 768w, https:\/\/agora.xtec.cat\/iesmontbui\/wp-content\/uploads\/usu145\/2025\/10\/reuniofamilies_model-7.jpg 1024w\" sizes=\"auto, (max-width: 300px) 100vw, 300px\" \/><\/a><\/p>\n<p>El <a href=\"https:\/\/sindicatdestudiants.net\/index.php\/noticies\/movimient-estudiantil\/general\/1431-28-d-octubre-vaga-estudiantil-sandra-no-t-oblidem-prou-bullying-i-discursos-d-odi-hi-ha-responsables\">Sindicat d&#8217;Estudiants<\/a> ha convocat una vaga pel proper dimarts, 28 d&#8217;octubre, arran del cas de Sandra Pe\u00f1a, una jove estudiant sevillana de 14 anys que es va su\u00efcidar el passat 14 d&#8217;octubre. En aquesta vaga s&#8217;hi han adherit els seg\u00fcents cursos:<strong> tercer d&#8217;ESO A, B i C; quart d&#8217;ESO A, B i D i primer de Batxillerat A i B.\u00a0<\/strong><\/p>\n<p>Recordem doncs que l\u2019alumnat que s\u2019adhereixi a la vaga i no vingui al centre ha de justificar-ho i, per tant, les fam\u00edlies que estigueu d\u2019acord amb el fet que els vostres fills exerceixin el dret a vaga cal que ompliu el justificant que l\u2019alumnat trobar\u00e0 impr\u00e8s a la consergeria del centre o que podeu descarregar en aquest\u00a0<a href=\"https:\/\/agora.xtec.cat\/iesmontbui\/wp-content\/uploads\/usu145\/2021\/03\/Regulaci%C3%B3-Vagues-Estudiants.pdf\">enlla\u00e7:<\/a><\/p>\n<p>EN CAP CAS PODEN ACOLLIR-SE A VAGA L\u2019ALUMNAT DE 1r i 2n D\u2019ESO.<\/p>\n<p>Atentament,<\/p>\n<p>L\u2019Equip Directiu<\/p>\n","protected":false},"excerpt":{"rendered":"<p><a href=\"https:\/\/agora.xtec.cat\/iesmontbui\/wp-content\/uploads\/usu145\/2025\/10\/reuniofamilies_model-7.jpg\"><\/a><br \/>\nEl <a href=\"https:\/\/sindicatdestudiants.net\/index.php\/noticies\/movimient-estudiantil\/general\/1431-28-d-octubre-vaga-estudiantil-sandra-no-t-oblidem-prou-bullying-i-discursos-d-odi-hi-ha-responsables\">Sindicat d&#8217;Estudiants<\/a> ha convocat una vaga pel proper dimarts, 28 d&#8217;octubre, arran del cas de Sandra Pe\u00f1a, una jove estudiant sevillana de 14 anys que es va su\u00efcidar el passat 14 d&#8217;octubre. En aquesta vaga s&#8217;hi han adherit els seg\u00fcents cursos: tercer&hellip;  <a href=\"https:\/\/agora.xtec.cat\/iesmontbui\/general\/comunicat-vaga-estudiantil-28-doctubre\/\" title=\"Read Comunicat: Vaga estudiantil (28 d&#8217;octubre)\">Llegeix m\u00e9s\u00bb<\/a><\/p>\n","protected":false},"author":66,"featured_media":11754,"comment_status":"open","ping_status":"open","sticky":false,"template":"","format":"standard","meta":{"_bbp_topic_count":0,"_bbp_reply_count":0,"_bbp_total_topic_count":0,"_bbp_total_reply_count":0,"_bbp_voice_count":0,"_bbp_anonymous_reply_count":0,"_bbp_topic_count_hidden":0,"_bbp_reply_count_hidden":0,"_bbp_forum_subforum_count":0,"footnotes":""},"categories":[98,1,29],"tags":[1463,402,291,1462],"class_list":["post-11749","post","type-post","status-publish","format-standard","has-post-thumbnail","hentry","category-comunicats","category-general","category-portada","tag-sandra-pena","tag-sindicat-destudiants","tag-vaga","tag-vaga-28o"],"post_mailing_queue_ids":[],"_links":{"self":[{"href":"https:\/\/agora.xtec.cat\/iesmontbui\/wp-json\/wp\/v2\/posts\/11749","targetHints":{"allow":["GET"]}}],"collection":[{"href":"https:\/\/agora.xtec.cat\/iesmontbui\/wp-json\/wp\/v2\/posts"}],"about":[{"href":"https:\/\/agora.xtec.cat\/iesmontbui\/wp-json\/wp\/v2\/types\/post"}],"author":[{"embeddable":true,"href":"https:\/\/agora.xtec.cat\/iesmontbui\/wp-json\/wp\/v2\/users\/66"}],"replies":[{"embeddable":true,"href":"https:\/\/agora.xtec.cat\/iesmontbui\/wp-json\/wp\/v2\/comments?post=11749"}],"version-history":[{"count":3,"href":"https:\/\/agora.xtec.cat\/iesmontbui\/wp-json\/wp\/v2\/posts\/11749\/revisions"}],"predecessor-version":[{"id":11755,"href":"https:\/\/agora.xtec.cat\/iesmontbui\/wp-json\/wp\/v2\/posts\/11749\/revisions\/11755"}],"wp:featuredmedia":[{"embeddable":true,"href":"https:\/\/agora.xtec.cat\/iesmontbui\/wp-json\/wp\/v2\/media\/11754"}],"wp:attachment":[{"href":"https:\/\/agora.xtec.cat\/iesmontbui\/wp-json\/wp\/v2\/media?parent=11749"}],"wp:term":[{"taxonomy":"category","embeddable":true,"href":"https:\/\/agora.xtec.cat\/iesmontbui\/wp-json\/wp\/v2\/categories?post=11749"},{"taxonomy":"post_tag","embeddable":true,"href":"https:\/\/agora.xtec.cat\/iesmontbui\/wp-json\/wp\/v2\/tags?post=11749"}],"curies":[{"name":"wp","href":"https:\/\/api.w.org\/{rel}","templated":true}]}}