{"id":11732,"date":"2025-10-16T10:55:26","date_gmt":"2025-10-16T08:55:26","guid":{"rendered":"https:\/\/agora.xtec.cat\/iesmontbui\/?p=11732"},"modified":"2025-10-14T11:17:05","modified_gmt":"2025-10-14T09:17:05","slug":"la-castanyada-el-29-doctubre","status":"publish","type":"post","link":"https:\/\/agora.xtec.cat\/iesmontbui\/general\/la-castanyada-el-29-doctubre\/","title":{"rendered":"La Castanyada&#8230; el 29 d&#8217;octubre!"},"content":{"rendered":"<p><a href=\"https:\/\/agora.xtec.cat\/iesmontbui\/wp-content\/uploads\/usu145\/2025\/10\/Captura-de-pantalla-2025-10-14-a-las-11.14.47-e1760433360463.png\"><img loading=\"lazy\" decoding=\"async\" class=\"alignright size-medium wp-image-11733\" src=\"https:\/\/agora.xtec.cat\/iesmontbui\/wp-content\/uploads\/usu145\/2025\/10\/Captura-de-pantalla-2025-10-14-a-las-11.14.47-e1760433360463-300x170.png\" alt=\"\" width=\"300\" height=\"170\" srcset=\"https:\/\/agora.xtec.cat\/iesmontbui\/wp-content\/uploads\/usu145\/2025\/10\/Captura-de-pantalla-2025-10-14-a-las-11.14.47-e1760433360463-300x170.png 300w, https:\/\/agora.xtec.cat\/iesmontbui\/wp-content\/uploads\/usu145\/2025\/10\/Captura-de-pantalla-2025-10-14-a-las-11.14.47-e1760433360463-1024x582.png 1024w, https:\/\/agora.xtec.cat\/iesmontbui\/wp-content\/uploads\/usu145\/2025\/10\/Captura-de-pantalla-2025-10-14-a-las-11.14.47-e1760433360463-768x436.png 768w, https:\/\/agora.xtec.cat\/iesmontbui\/wp-content\/uploads\/usu145\/2025\/10\/Captura-de-pantalla-2025-10-14-a-las-11.14.47-e1760433360463.png 1130w\" sizes=\"auto, (max-width: 300px) 100vw, 300px\" \/><\/a>La celebraci\u00f3 de la <strong>Castanyada 2025<\/strong> a l&#8217;institut es far\u00e0 el proper <strong>dimecres 29 d&#8217;octubre, entre les 10.00 i les 10.45 hores.<\/strong> Les mares de l&#8217;AFA couran i vendran castanyes durant el primer pati, que aquell dia durar\u00e0 m\u00e9s de l&#8217;habitual. Els preus s\u00f3n els seg\u00fcents:<\/p>\n<ul>\n<li><strong>Socis de l&#8217;AFA: 6 castanyes gratis, amb tiquet.\u00a0<\/strong><\/li>\n<li><strong>No socis de l&#8217;AFA: 6 castanyes, 1,50 euros.\u00a0<\/strong><\/li>\n<\/ul>\n<p>Durant la celebraci\u00f3 sonaran can\u00e7ons escollides pels diversos grups.<\/p>\n<p>L&#8217;AFA repartir\u00e0 els tiquets dels socis els dimarts de 16 a 18h, al seu despatx, aix\u00ed com el dilluns 27 i dimarts 28 al primer pati (10.00-10.20h).<\/p>\n<p>&nbsp;<\/p>\n","protected":false},"excerpt":{"rendered":"<p><a href=\"https:\/\/agora.xtec.cat\/iesmontbui\/wp-content\/uploads\/usu145\/2025\/10\/Captura-de-pantalla-2025-10-14-a-las-11.14.47-e1760433360463.png\"><\/a>La celebraci\u00f3 de la Castanyada 2025 a l&#8217;institut es far\u00e0 el proper dimecres 29 d&#8217;octubre, entre les 10.00 i les 10.45 hores. Les mares de l&#8217;AFA couran i vendran castanyes durant el primer pati, que aquell dia durar\u00e0 m\u00e9s de l&#8217;habitual. Els preus s\u00f3n&hellip;  <a href=\"https:\/\/agora.xtec.cat\/iesmontbui\/general\/la-castanyada-el-29-doctubre\/\" title=\"Read La Castanyada&#8230; el 29 d&#8217;octubre!\">Llegeix m\u00e9s\u00bb<\/a><\/p>\n","protected":false},"author":66,"featured_media":11733,"comment_status":"open","ping_status":"open","sticky":false,"template":"","format":"standard","meta":{"_bbp_topic_count":0,"_bbp_reply_count":0,"_bbp_total_topic_count":0,"_bbp_total_reply_count":0,"_bbp_voice_count":0,"_bbp_anonymous_reply_count":0,"_bbp_topic_count_hidden":0,"_bbp_reply_count_hidden":0,"_bbp_forum_subforum_count":0,"footnotes":""},"categories":[31,1,29],"tags":[426,188,1455,968],"class_list":["post-11732","post","type-post","status-publish","format-standard","has-post-thumbnail","hentry","category-ampa","category-general","category-portada","tag-afa","tag-castanyada","tag-castanyada-2025","tag-tiquets-castanyada-afa"],"post_mailing_queue_ids":[],"_links":{"self":[{"href":"https:\/\/agora.xtec.cat\/iesmontbui\/wp-json\/wp\/v2\/posts\/11732","targetHints":{"allow":["GET"]}}],"collection":[{"href":"https:\/\/agora.xtec.cat\/iesmontbui\/wp-json\/wp\/v2\/posts"}],"about":[{"href":"https:\/\/agora.xtec.cat\/iesmontbui\/wp-json\/wp\/v2\/types\/post"}],"author":[{"embeddable":true,"href":"https:\/\/agora.xtec.cat\/iesmontbui\/wp-json\/wp\/v2\/users\/66"}],"replies":[{"embeddable":true,"href":"https:\/\/agora.xtec.cat\/iesmontbui\/wp-json\/wp\/v2\/comments?post=11732"}],"version-history":[{"count":1,"href":"https:\/\/agora.xtec.cat\/iesmontbui\/wp-json\/wp\/v2\/posts\/11732\/revisions"}],"predecessor-version":[{"id":11734,"href":"https:\/\/agora.xtec.cat\/iesmontbui\/wp-json\/wp\/v2\/posts\/11732\/revisions\/11734"}],"wp:featuredmedia":[{"embeddable":true,"href":"https:\/\/agora.xtec.cat\/iesmontbui\/wp-json\/wp\/v2\/media\/11733"}],"wp:attachment":[{"href":"https:\/\/agora.xtec.cat\/iesmontbui\/wp-json\/wp\/v2\/media?parent=11732"}],"wp:term":[{"taxonomy":"category","embeddable":true,"href":"https:\/\/agora.xtec.cat\/iesmontbui\/wp-json\/wp\/v2\/categories?post=11732"},{"taxonomy":"post_tag","embeddable":true,"href":"https:\/\/agora.xtec.cat\/iesmontbui\/wp-json\/wp\/v2\/tags?post=11732"}],"curies":[{"name":"wp","href":"https:\/\/api.w.org\/{rel}","templated":true}]}}