{"id":11723,"date":"2025-10-10T14:30:31","date_gmt":"2025-10-10T12:30:31","guid":{"rendered":"https:\/\/agora.xtec.cat\/iesmontbui\/?p=11723"},"modified":"2025-10-09T18:46:00","modified_gmt":"2025-10-09T16:46:00","slug":"comunicat-posada-en-marxa-del-5e-grup-de-4t-deso","status":"publish","type":"post","link":"https:\/\/agora.xtec.cat\/iesmontbui\/eso\/eso-4\/comunicat-posada-en-marxa-del-5e-grup-de-4t-deso\/","title":{"rendered":"Comunicat: Posada en marxa del 5\u00e8 grup de 4t d&#8217;ESO"},"content":{"rendered":"<p><a href=\"https:\/\/agora.xtec.cat\/iesmontbui\/wp-content\/uploads\/usu145\/2025\/10\/reuniofamilies_model-5.jpg\"><img loading=\"lazy\" decoding=\"async\" class=\"alignright size-medium wp-image-11724\" src=\"https:\/\/agora.xtec.cat\/iesmontbui\/wp-content\/uploads\/usu145\/2025\/10\/reuniofamilies_model-5-300x140.jpg\" alt=\"\" width=\"300\" height=\"140\" srcset=\"https:\/\/agora.xtec.cat\/iesmontbui\/wp-content\/uploads\/usu145\/2025\/10\/reuniofamilies_model-5-300x140.jpg 300w, https:\/\/agora.xtec.cat\/iesmontbui\/wp-content\/uploads\/usu145\/2025\/10\/reuniofamilies_model-5-768x359.jpg 768w, https:\/\/agora.xtec.cat\/iesmontbui\/wp-content\/uploads\/usu145\/2025\/10\/reuniofamilies_model-5.jpg 1024w\" sizes=\"auto, (max-width: 300px) 100vw, 300px\" \/><\/a><\/p>\n<p>Benvolgudes fam\u00edlies,<\/p>\n<p>Us posem en coneixement que a partir de dilluns 13 d&#8217;octubre els alumnes de 4t d&#8217;ESO quedaran distribu\u00efts en cinc grups tal com s&#8217;ha demanat reiterativament a Serveis Territorials des del juny per poder fer una millor atenci\u00f3 dels vostres fills.<\/p>\n<p>Finalment s&#8217;ha reconegut aquest cinqu\u00e8 grup, se&#8217;ns ha fet la dotaci\u00f3 d&#8217;1,5 professors, que malgrat no ser el que deman\u00e0vem, ens ha perm\u00e8s restructurar horaris del professorat i confegir els nous grups a petici\u00f3 dels tutors, coordinadora i equip docent i ja posar en funcionament les noves agrupacions i horaris a partir de dilluns 13 d&#8217;octubre. Els alumnes han sabut els grups aquest divendres 10 d&#8217;octubre per fer el canvi dilluns i aix\u00ed el dimarts, quan vindreu a la reuni\u00f3 de fam\u00edlies, ja us podr\u00e0 atendre el\/la tutor\/a del vostre\/a fill\/a, coordinadora i direcci\u00f3.<\/p>\n<p>Lamentem les mol\u00e8sties que hagi pogut ocasionar la dilaci\u00f3, per\u00f2 alhora celebrem que finalment se&#8217;ns hagi escoltat des del Departament d&#8217;Educaci\u00f3 i puguem donar l&#8217;atenci\u00f3 que mereixen els vostres fills.<\/p>\n<p>Moltes gr\u00e0cies per la comprensi\u00f3 i us esperem dimarts a les reunions de fam\u00edlies,<\/p>\n<p><strong>Equip directiu Institut Montbui<\/strong><\/p>\n","protected":false},"excerpt":{"rendered":"<p><a href=\"https:\/\/agora.xtec.cat\/iesmontbui\/wp-content\/uploads\/usu145\/2025\/10\/reuniofamilies_model-5.jpg\"><\/a><br \/>\nBenvolgudes fam\u00edlies,<br \/>\nUs posem en coneixement que a partir de dilluns 13 d&#8217;octubre els alumnes de 4t d&#8217;ESO quedaran distribu\u00efts en cinc grups tal com s&#8217;ha demanat reiterativament a Serveis Territorials des del juny per poder fer una millor atenci\u00f3 dels vostres fills.<br \/>\nFinalment s&#8217;ha reconegut&hellip;  <a href=\"https:\/\/agora.xtec.cat\/iesmontbui\/eso\/eso-4\/comunicat-posada-en-marxa-del-5e-grup-de-4t-deso\/\" title=\"Read Comunicat: Posada en marxa del 5\u00e8 grup de 4t d&#8217;ESO\">Llegeix m\u00e9s\u00bb<\/a><\/p>\n","protected":false},"author":66,"featured_media":11724,"comment_status":"open","ping_status":"open","sticky":false,"template":"","format":"standard","meta":{"_bbp_topic_count":0,"_bbp_reply_count":0,"_bbp_total_topic_count":0,"_bbp_total_reply_count":0,"_bbp_voice_count":0,"_bbp_anonymous_reply_count":0,"_bbp_topic_count_hidden":0,"_bbp_reply_count_hidden":0,"_bbp_forum_subforum_count":0,"footnotes":""},"categories":[98,115,7,354,65,62,29],"tags":[1453,293],"class_list":["post-11723","post","type-post","status-publish","format-standard","has-post-thumbnail","hentry","category-comunicats","category-comunicats4","category-eso-4","category-eso-4e","category-estudis","category-orgacentre","category-portada","tag-cinque-grup-4t-deso","tag-departament-deducacio"],"post_mailing_queue_ids":[],"_links":{"self":[{"href":"https:\/\/agora.xtec.cat\/iesmontbui\/wp-json\/wp\/v2\/posts\/11723","targetHints":{"allow":["GET"]}}],"collection":[{"href":"https:\/\/agora.xtec.cat\/iesmontbui\/wp-json\/wp\/v2\/posts"}],"about":[{"href":"https:\/\/agora.xtec.cat\/iesmontbui\/wp-json\/wp\/v2\/types\/post"}],"author":[{"embeddable":true,"href":"https:\/\/agora.xtec.cat\/iesmontbui\/wp-json\/wp\/v2\/users\/66"}],"replies":[{"embeddable":true,"href":"https:\/\/agora.xtec.cat\/iesmontbui\/wp-json\/wp\/v2\/comments?post=11723"}],"version-history":[{"count":2,"href":"https:\/\/agora.xtec.cat\/iesmontbui\/wp-json\/wp\/v2\/posts\/11723\/revisions"}],"predecessor-version":[{"id":11727,"href":"https:\/\/agora.xtec.cat\/iesmontbui\/wp-json\/wp\/v2\/posts\/11723\/revisions\/11727"}],"wp:featuredmedia":[{"embeddable":true,"href":"https:\/\/agora.xtec.cat\/iesmontbui\/wp-json\/wp\/v2\/media\/11724"}],"wp:attachment":[{"href":"https:\/\/agora.xtec.cat\/iesmontbui\/wp-json\/wp\/v2\/media?parent=11723"}],"wp:term":[{"taxonomy":"category","embeddable":true,"href":"https:\/\/agora.xtec.cat\/iesmontbui\/wp-json\/wp\/v2\/categories?post=11723"},{"taxonomy":"post_tag","embeddable":true,"href":"https:\/\/agora.xtec.cat\/iesmontbui\/wp-json\/wp\/v2\/tags?post=11723"}],"curies":[{"name":"wp","href":"https:\/\/api.w.org\/{rel}","templated":true}]}}