{"id":11621,"date":"2025-06-27T08:59:21","date_gmt":"2025-06-27T06:59:21","guid":{"rendered":"https:\/\/agora.xtec.cat\/iesmontbui\/?p=11621"},"modified":"2025-06-28T09:41:44","modified_gmt":"2025-06-28T07:41:44","slug":"aquest-estiu-lectures-de-quilometre-0","status":"publish","type":"post","link":"https:\/\/agora.xtec.cat\/iesmontbui\/portada\/aquest-estiu-lectures-de-quilometre-0\/","title":{"rendered":"Aquest estiu&#8230; lectures de quil\u00f2metre 0!"},"content":{"rendered":"<p>Us proposem, per aquest estiu, unes lectures ben especials: totes elles han estat elaborades per l&#8217;alumnat de l&#8217;Institut Montbui. D&#8217;una banda, us recomanem els textos dels alumnes d&#8217;ESO i BAT guanyadors del concurs de <a href=\"https:\/\/agora.xtec.cat\/iesmontbui\/general\/el-sant-jordi-2025-es-viu-intensament-a-linstitut-montbui\/\">Sant Jordi 2025.<\/a> Els premiats es van donar a con\u00e8ixer en un acte celebrat a l&#8217;institut el passat 23 d&#8217;abril. Els trobareu recopilats en aquest document:<\/p>\n<p><a href=\"https:\/\/agora.xtec.cat\/iesmontbui\/wp-content\/uploads\/usu145\/2025\/06\/Textos-Sant-Jordi.pdf\">Textos Sant Jordi 2024-2025<\/a><\/p>\n<p>M\u00e9s enll\u00e0 de Sant Jordi, tamb\u00e9 us recomanem la poesia que ha elaborat l&#8217;alumne de segon d&#8217;ESO C Izan Guillen:<\/p>\n<p><a href=\"https:\/\/agora.xtec.cat\/iesmontbui\/wp-content\/uploads\/usu145\/2025\/06\/La-Nit-Es-Freda-Al-Meu-Cor.pdf\">La Nit \u00c9s Freda Al Meu Cor<\/a><\/p>\n<p>&nbsp;<\/p>\n<p>&nbsp;<\/p>\n","protected":false},"excerpt":{"rendered":"<p>Us proposem, per aquest estiu, unes lectures ben especials: totes elles han estat elaborades per l&#8217;alumnat de l&#8217;Institut Montbui. D&#8217;una banda, us recomanem els textos dels alumnes d&#8217;ESO i BAT guanyadors del concurs de <a href=\"https:\/\/agora.xtec.cat\/iesmontbui\/general\/el-sant-jordi-2025-es-viu-intensament-a-linstitut-montbui\/\">Sant Jordi 2025.<\/a> Els premiats es van donar a con\u00e8ixer&hellip;  <a href=\"https:\/\/agora.xtec.cat\/iesmontbui\/portada\/aquest-estiu-lectures-de-quilometre-0\/\" title=\"Read Aquest estiu&#8230; lectures de quil\u00f2metre 0!\">Llegeix m\u00e9s\u00bb<\/a><\/p>\n","protected":false},"author":66,"featured_media":11628,"comment_status":"open","ping_status":"open","sticky":false,"template":"","format":"standard","meta":{"_bbp_topic_count":0,"_bbp_reply_count":0,"_bbp_total_topic_count":0,"_bbp_total_reply_count":0,"_bbp_voice_count":0,"_bbp_anonymous_reply_count":0,"_bbp_topic_count_hidden":0,"_bbp_reply_count_hidden":0,"_bbp_forum_subforum_count":0,"footnotes":""},"categories":[125,29,348],"tags":[1434,1436,1433,1192,1435],"class_list":["post-11621","post","type-post","status-publish","format-standard","has-post-thumbnail","hentry","category-depllengues","category-portada","category-st-jordi","tag-concurs-literari-sant-jordi-2025","tag-izan-guillen","tag-lectures-estiu","tag-sant-jordi-2025","tag-textos-guanyadors-sant-jordi-2025"],"post_mailing_queue_ids":[],"_links":{"self":[{"href":"https:\/\/agora.xtec.cat\/iesmontbui\/wp-json\/wp\/v2\/posts\/11621","targetHints":{"allow":["GET"]}}],"collection":[{"href":"https:\/\/agora.xtec.cat\/iesmontbui\/wp-json\/wp\/v2\/posts"}],"about":[{"href":"https:\/\/agora.xtec.cat\/iesmontbui\/wp-json\/wp\/v2\/types\/post"}],"author":[{"embeddable":true,"href":"https:\/\/agora.xtec.cat\/iesmontbui\/wp-json\/wp\/v2\/users\/66"}],"replies":[{"embeddable":true,"href":"https:\/\/agora.xtec.cat\/iesmontbui\/wp-json\/wp\/v2\/comments?post=11621"}],"version-history":[{"count":5,"href":"https:\/\/agora.xtec.cat\/iesmontbui\/wp-json\/wp\/v2\/posts\/11621\/revisions"}],"predecessor-version":[{"id":11635,"href":"https:\/\/agora.xtec.cat\/iesmontbui\/wp-json\/wp\/v2\/posts\/11621\/revisions\/11635"}],"wp:featuredmedia":[{"embeddable":true,"href":"https:\/\/agora.xtec.cat\/iesmontbui\/wp-json\/wp\/v2\/media\/11628"}],"wp:attachment":[{"href":"https:\/\/agora.xtec.cat\/iesmontbui\/wp-json\/wp\/v2\/media?parent=11621"}],"wp:term":[{"taxonomy":"category","embeddable":true,"href":"https:\/\/agora.xtec.cat\/iesmontbui\/wp-json\/wp\/v2\/categories?post=11621"},{"taxonomy":"post_tag","embeddable":true,"href":"https:\/\/agora.xtec.cat\/iesmontbui\/wp-json\/wp\/v2\/tags?post=11621"}],"curies":[{"name":"wp","href":"https:\/\/api.w.org\/{rel}","templated":true}]}}