{"id":11545,"date":"2025-06-20T23:15:27","date_gmt":"2025-06-20T21:15:27","guid":{"rendered":"https:\/\/agora.xtec.cat\/iesmontbui\/?p=11545"},"modified":"2025-06-20T23:26:44","modified_gmt":"2025-06-20T21:26:44","slug":"birrets-amunt-ja-son-graduats","status":"publish","type":"post","link":"https:\/\/agora.xtec.cat\/iesmontbui\/general\/birrets-amunt-ja-son-graduats\/","title":{"rendered":"Birrets amunt! Ja s\u00f3n graduats!"},"content":{"rendered":"<p><a href=\"https:\/\/agora.xtec.cat\/iesmontbui\/wp-content\/uploads\/usu145\/2025\/06\/WhatsApp-Image-2025-06-20-at-20.23.17-1.jpeg\"><img loading=\"lazy\" decoding=\"async\" class=\" wp-image-11607 aligncenter\" src=\"https:\/\/agora.xtec.cat\/iesmontbui\/wp-content\/uploads\/usu145\/2025\/06\/WhatsApp-Image-2025-06-20-at-20.23.17-1-300x169.jpeg\" alt=\"\" width=\"348\" height=\"197\" srcset=\"https:\/\/agora.xtec.cat\/iesmontbui\/wp-content\/uploads\/usu145\/2025\/06\/WhatsApp-Image-2025-06-20-at-20.23.17-1-300x169.jpeg 300w, https:\/\/agora.xtec.cat\/iesmontbui\/wp-content\/uploads\/usu145\/2025\/06\/WhatsApp-Image-2025-06-20-at-20.23.17-1-1024x576.jpeg 1024w, https:\/\/agora.xtec.cat\/iesmontbui\/wp-content\/uploads\/usu145\/2025\/06\/WhatsApp-Image-2025-06-20-at-20.23.17-1-768x432.jpeg 768w, https:\/\/agora.xtec.cat\/iesmontbui\/wp-content\/uploads\/usu145\/2025\/06\/WhatsApp-Image-2025-06-20-at-20.23.17-1-1536x864.jpeg 1536w, https:\/\/agora.xtec.cat\/iesmontbui\/wp-content\/uploads\/usu145\/2025\/06\/WhatsApp-Image-2025-06-20-at-20.23.17-1.jpeg 1600w\" sizes=\"auto, (max-width: 348px) 100vw, 348px\" \/><\/a><\/p>\n<p>Aquest divendres, 20 de juny, ha tingut lloc acte de graduaci\u00f3 de les <strong>promocions de segon de Batxillerat (2023-2025)<\/strong> i la<strong> de quart d&#8217;ESO (2021-2025).\u00a0<\/strong>Un dia especial i emotiu per a l&#8217;alumnat i families que commemora el final d&#8217;una etapa educativa i l&#8217;inici de nous camins acad\u00e8mics, dins o fora del centre.<\/p>\n<p>L&#8217;acte ha comen\u00e7at a les 19 hores i ha tingut lloc al pati de l&#8217;institut. S&#8217;ha iniciat amb els <span style=\"font-family: inherit; font-size: 1em;\">parlaments per part de la directora de l&#8217;INS Montbui, Eva Raich, la regidora d&#8217;Educaci\u00f3, Maria Grados, i l&#8217;alcalde de Santa Margarida de Montbui, Jes\u00fas Miguel Ju\u00e1rez.\u00a0<\/span><\/p>\n<p><span style=\"font-family: inherit; font-size: 1em;\">Posteriorment, s&#8217;ha donat pas als tutors\/coordinadors: Rat Amich (Coordinadora BAT), D\u00fania Petit (2n A) i Cristina de la Cruz (2n B) i Nat\u00e0lia Olaya (4t A i coordinadora de nivell), Gal\u00b7la Pons (4t B), Albert Bardi (4t C), Judith Hern\u00e1ndez (4t D) i V\u00edctor Fern\u00e1ndez (4t E). Aquests han<\/span><span style=\"font-family: inherit; font-size: 1em;\"> fet un discurs conjunt en el seus respectius nivells, abans de cedir la paraula a representants de les classes de 2n de BAT i 4t ESO, que tamb\u00e9 han dirigit unes paraules recordant com ha estat el seu pas per l&#8217;institut.\u00a0<\/span><\/p>\n<p><span style=\"font-family: inherit; font-size: 1em;\"> Un per un, els alumnes han pujat a l&#8217;escenari, on se&#8217;ls han entregat les orles i un clauer. Cada grup s&#8217;ha fet una foto just abans de llen\u00e7ar el birret ben amunt, per celebrar aquest moment tan especial. A m\u00e9s, <\/span>s&#8217;han entregat els seg\u00fcents <strong>premis:<\/strong><\/p>\n<p><strong>Matr\u00edcula d&#8217;Honor\u00a0<\/strong><\/p>\n<table style=\"border-collapse: collapse; width: 100%; height: 96px;\">\n<tbody>\n<tr style=\"height: 32px;\">\n<td style=\"width: 50%; height: 32px;\"><strong>Alumne\/a\u00a0\u00a0<\/strong><\/td>\n<td style=\"width: 50%; height: 32px;\"><strong>Grup\u00a0<\/strong><\/td>\n<\/tr>\n<tr style=\"height: 32px;\">\n<td style=\"width: 50%; height: 32px;\">Helena Muntada<\/td>\n<td style=\"width: 50%; height: 32px;\">2n de Batxillerat A<\/td>\n<\/tr>\n<tr style=\"height: 32px;\">\n<td style=\"width: 50%; height: 32px;\">Rayhana Allou<\/td>\n<td style=\"width: 50%; height: 32px;\">2n de Batxillerat A<\/td>\n<\/tr>\n<tr>\n<td style=\"width: 50%;\">Oscar Zajara<\/td>\n<td style=\"width: 50%;\">2n de Batxillerat A<\/td>\n<\/tr>\n<\/tbody>\n<\/table>\n<p><strong>Excel\u00b7l\u00e8ncia<\/strong><\/p>\n<table style=\"border-collapse: collapse; width: 100%;\">\n<tbody>\n<tr>\n<td style=\"width: 50%;\"><strong>Alumne\/a<\/strong><\/td>\n<td style=\"width: 50%;\"><strong>Grup<\/strong><\/td>\n<\/tr>\n<tr>\n<td style=\"width: 50%;\">Hoda Katai<\/td>\n<td style=\"width: 50%;\">2n de Batxillerat A<\/td>\n<\/tr>\n<\/tbody>\n<\/table>\n<p><strong>\u00a0<\/strong><strong>Esfor\u00e7<\/strong><\/p>\n<table style=\"border-collapse: collapse; width: 100%; height: 64px;\">\n<tbody>\n<tr style=\"height: 32px;\">\n<td style=\"width: 50%; height: 32px;\"><strong>Alumne\/a<\/strong><\/td>\n<td style=\"width: 50%; height: 32px;\"><strong>Grup<\/strong><\/td>\n<\/tr>\n<tr style=\"height: 32px;\">\n<td style=\"width: 50%; height: 32px;\">V\u00edctor Tamargo<\/td>\n<td style=\"width: 50%; height: 32px;\">2n de Batxillerat A<\/td>\n<\/tr>\n<tr>\n<td style=\"width: 50%;\">Walid Dahbi<\/td>\n<td style=\"width: 50%;\">2n de Batxillerat B<\/td>\n<\/tr>\n<tr>\n<td style=\"width: 50%;\">Cl\u00e0udia Jim\u00e9nez<\/td>\n<td style=\"width: 50%;\">2n de Batxillerat B<\/td>\n<\/tr>\n<\/tbody>\n<\/table>\n<p><b>Quart d&#8217;ESO\u00a0<\/b><\/p>\n<p>Premi excel\u00b7l\u00e8ncia-Millor expedient de final d&#8217;etapa<\/p>\n<table style=\"border-collapse: collapse; width: 100%;\">\n<tbody>\n<tr>\n<td style=\"width: 50%;\"><strong>Alumne\/a\u00a0<\/strong><\/td>\n<td style=\"width: 50%;\"><strong>Grup\u00a0<\/strong><\/td>\n<\/tr>\n<tr>\n<td style=\"width: 50%;\">Noa P\u00e9rez<\/td>\n<td style=\"width: 50%;\">4t d&#8217;ESO A<\/td>\n<\/tr>\n<tr>\n<td style=\"width: 50%;\">Laia Rodr\u00edguez<\/td>\n<td style=\"width: 50%;\">4t d&#8217;ESO A<\/td>\n<\/tr>\n<\/tbody>\n<\/table>\n<p>Valors (un per tot 4t d&#8217;ESO)<\/p>\n<table style=\"border-collapse: collapse; width: 100%; height: 64px;\">\n<tbody>\n<tr style=\"height: 32px;\">\n<td style=\"width: 50%; height: 32px;\"><strong>Alumne\/a<\/strong><\/td>\n<td style=\"width: 50%; height: 32px;\"><strong>Grup\u00a0<\/strong><\/td>\n<\/tr>\n<tr style=\"height: 32px;\">\n<td style=\"width: 50%; height: 32px;\">Evolet Fern\u00e1ndez<\/td>\n<td style=\"width: 50%; height: 32px;\">4t d&#8217;ESO A<\/td>\n<\/tr>\n<\/tbody>\n<\/table>\n<p>Esfor\u00e7 (un per tot 4t d&#8217;ESO)<\/p>\n<table style=\"border-collapse: collapse; width: 100%; height: 64px;\">\n<tbody>\n<tr style=\"height: 32px;\">\n<td style=\"width: 50%; height: 32px;\"><strong>Alumne\/a<\/strong><\/td>\n<td style=\"width: 50%; height: 32px;\"><strong>Grup\u00a0<\/strong><\/td>\n<\/tr>\n<tr style=\"height: 32px;\">\n<td style=\"width: 50%; height: 32px;\">Marc Sabater<\/td>\n<td style=\"width: 50%; height: 32px;\">4t d&#8217;ESO A<\/td>\n<\/tr>\n<\/tbody>\n<\/table>\n<p>L&#8217;acte ha estat condu\u00eft pels professors Anna Jim\u00e9nez i Albert Sunyol. En acabar, ha tingut lloc un sopar a la mateixa pista, dirigit a l&#8217;alumnat, families i professorat.<\/p>\n<p>Podeu veure un recull d&#8217;imatges i v\u00eddeos de la graduaci\u00f3 a la seg\u00fcent carpeta Drive. A m\u00e9s, si teniu imatges de l&#8217;acte, tamb\u00e9 les podeu pujar en la mateixa carpeta:<\/p>\n<p><a href=\"https:\/\/drive.google.com\/drive\/folders\/1EcDwsq059vMfKrWLzCRB5_LHXAtkXluD\">https:\/\/drive.google.com\/drive\/folders\/1EcDwsq059vMfKrWLzCRB5_LHXAtkXluD<\/a><\/p>\n","protected":false},"excerpt":{"rendered":"<p><a href=\"https:\/\/agora.xtec.cat\/iesmontbui\/wp-content\/uploads\/usu145\/2025\/06\/WhatsApp-Image-2025-06-20-at-20.23.17-1.jpeg\"><\/a><br \/>\nAquest divendres, 20 de juny, ha tingut lloc acte de graduaci\u00f3 de les promocions de segon de Batxillerat (2023-2025) i la de quart d&#8217;ESO (2021-2025).\u00a0Un dia especial i emotiu per a l&#8217;alumnat i families que commemora el final d&#8217;una etapa educativa i l&#8217;inici de&hellip;  <a href=\"https:\/\/agora.xtec.cat\/iesmontbui\/general\/birrets-amunt-ja-son-graduats\/\" title=\"Read Birrets amunt! Ja s\u00f3n graduats!\">Llegeix m\u00e9s\u00bb<\/a><\/p>\n","protected":false},"author":66,"featured_media":11606,"comment_status":"open","ping_status":"open","sticky":false,"template":"","format":"standard","meta":{"_bbp_topic_count":0,"_bbp_reply_count":0,"_bbp_total_topic_count":0,"_bbp_total_reply_count":0,"_bbp_voice_count":0,"_bbp_anonymous_reply_count":0,"_bbp_topic_count_hidden":0,"_bbp_reply_count_hidden":0,"_bbp_forum_subforum_count":0,"footnotes":""},"categories":[68,7,1,349,29],"tags":[1398,1393,1421,861,547,1170,869,1419,847,1068,1420,571,1422,871,1399,1343,848,1233,1400,1401,532,893,1372,1140],"class_list":["post-11545","post","type-post","status-publish","format-standard","has-post-thumbnail","hentry","category-batx-2","category-eso-4","category-general","category-gradficurs","category-portada","tag-acte-de-graduacio","tag-acte-graduacio-2024-2025","tag-albert-bardi","tag-albert-sunyol","tag-anna-jimenez","tag-claudia-jimenez","tag-cristina-de-la-cruz","tag-dunia-petit","tag-eva-raich","tag-evolet-fernandez","tag-galla-pons","tag-helena-muntada","tag-jesus-miguel-juarez","tag-judith-hernandez","tag-laia-rodriguez","tag-marc-sabater","tag-maria-grados","tag-natalia-olaya","tag-noa-perez","tag-oscar-zajara","tag-rayhana-allou","tag-victor-fernandez","tag-victor-tamargo","tag-walid-dahabi"],"post_mailing_queue_ids":[],"_links":{"self":[{"href":"https:\/\/agora.xtec.cat\/iesmontbui\/wp-json\/wp\/v2\/posts\/11545","targetHints":{"allow":["GET"]}}],"collection":[{"href":"https:\/\/agora.xtec.cat\/iesmontbui\/wp-json\/wp\/v2\/posts"}],"about":[{"href":"https:\/\/agora.xtec.cat\/iesmontbui\/wp-json\/wp\/v2\/types\/post"}],"author":[{"embeddable":true,"href":"https:\/\/agora.xtec.cat\/iesmontbui\/wp-json\/wp\/v2\/users\/66"}],"replies":[{"embeddable":true,"href":"https:\/\/agora.xtec.cat\/iesmontbui\/wp-json\/wp\/v2\/comments?post=11545"}],"version-history":[{"count":6,"href":"https:\/\/agora.xtec.cat\/iesmontbui\/wp-json\/wp\/v2\/posts\/11545\/revisions"}],"predecessor-version":[{"id":11610,"href":"https:\/\/agora.xtec.cat\/iesmontbui\/wp-json\/wp\/v2\/posts\/11545\/revisions\/11610"}],"wp:featuredmedia":[{"embeddable":true,"href":"https:\/\/agora.xtec.cat\/iesmontbui\/wp-json\/wp\/v2\/media\/11606"}],"wp:attachment":[{"href":"https:\/\/agora.xtec.cat\/iesmontbui\/wp-json\/wp\/v2\/media?parent=11545"}],"wp:term":[{"taxonomy":"category","embeddable":true,"href":"https:\/\/agora.xtec.cat\/iesmontbui\/wp-json\/wp\/v2\/categories?post=11545"},{"taxonomy":"post_tag","embeddable":true,"href":"https:\/\/agora.xtec.cat\/iesmontbui\/wp-json\/wp\/v2\/tags?post=11545"}],"curies":[{"name":"wp","href":"https:\/\/api.w.org\/{rel}","templated":true}]}}