{"id":11512,"date":"2025-06-11T12:59:00","date_gmt":"2025-06-11T10:59:00","guid":{"rendered":"https:\/\/agora.xtec.cat\/iesmontbui\/?p=11512"},"modified":"2025-06-11T13:01:54","modified_gmt":"2025-06-11T11:01:54","slug":"els-arbres-dels-desitjos","status":"publish","type":"post","link":"https:\/\/agora.xtec.cat\/iesmontbui\/portada\/els-arbres-dels-desitjos\/","title":{"rendered":"Els arbres dels desitjos"},"content":{"rendered":"<p><a href=\"https:\/\/agora.xtec.cat\/iesmontbui\/wp-content\/uploads\/usu145\/2025\/06\/desitjos-1-scaled-e1749639445205.jpg\"><img loading=\"lazy\" decoding=\"async\" class=\" wp-image-11513 aligncenter\" src=\"https:\/\/agora.xtec.cat\/iesmontbui\/wp-content\/uploads\/usu145\/2025\/06\/desitjos-1-scaled-e1749639445205-300x142.jpg\" alt=\"\" width=\"332\" height=\"157\" srcset=\"https:\/\/agora.xtec.cat\/iesmontbui\/wp-content\/uploads\/usu145\/2025\/06\/desitjos-1-scaled-e1749639445205-300x142.jpg 300w, https:\/\/agora.xtec.cat\/iesmontbui\/wp-content\/uploads\/usu145\/2025\/06\/desitjos-1-scaled-e1749639445205-1024x485.jpg 1024w, https:\/\/agora.xtec.cat\/iesmontbui\/wp-content\/uploads\/usu145\/2025\/06\/desitjos-1-scaled-e1749639445205-768x364.jpg 768w, https:\/\/agora.xtec.cat\/iesmontbui\/wp-content\/uploads\/usu145\/2025\/06\/desitjos-1-scaled-e1749639445205-1536x727.jpg 1536w, https:\/\/agora.xtec.cat\/iesmontbui\/wp-content\/uploads\/usu145\/2025\/06\/desitjos-1-scaled-e1749639445205-2048x970.jpg 2048w\" sizes=\"auto, (max-width: 332px) 100vw, 332px\" \/><\/a><\/p>\n<p>L&#8217;alumnat de primer de Batxillerat de la mat\u00e8ria <strong>Ciutadania, pol\u00edtica i dret<\/strong> ha realitzat un treball que tracta sobre els arbres dels desitjos, una activitat simb\u00f2lica que representa les <strong>aspiracions i els drets que les persones volen veure respectats i garantits a la societat. <\/strong><\/p>\n<p>L\u2019objectiu \u00e9s <strong>reflexionar sobre els drets humans i la participaci\u00f3 ciutadana,<\/strong> identificant quins drets considerem m\u00e9s importants per viure en una comunitat justa i inclusiva. Mitjan\u00e7ant la creaci\u00f3 d\u2019un arbre on s\u2019hi pengen els desitjos, es visualitzen de manera col\u00b7lectiva les necessitats i esperances dels ciutadans, fomentant aix\u00ed el respecte, la igualtat i la responsabilitat social.<\/p>\n","protected":false},"excerpt":{"rendered":"<p><a href=\"https:\/\/agora.xtec.cat\/iesmontbui\/wp-content\/uploads\/usu145\/2025\/06\/desitjos-1-scaled-e1749639445205.jpg\"><\/a><br \/>\nL&#8217;alumnat de primer de Batxillerat de la mat\u00e8ria Ciutadania, pol\u00edtica i dret ha realitzat un treball que tracta sobre els arbres dels desitjos, una activitat simb\u00f2lica que representa les aspiracions i els drets que les persones volen veure respectats i garantits a la societat.&hellip;  <a href=\"https:\/\/agora.xtec.cat\/iesmontbui\/portada\/els-arbres-dels-desitjos\/\" title=\"Read Els arbres dels desitjos\">Llegeix m\u00e9s\u00bb<\/a><\/p>\n","protected":false},"author":66,"featured_media":11513,"comment_status":"open","ping_status":"open","sticky":false,"template":"","format":"standard","meta":{"_bbp_topic_count":0,"_bbp_reply_count":0,"_bbp_total_topic_count":0,"_bbp_total_reply_count":0,"_bbp_voice_count":0,"_bbp_anonymous_reply_count":0,"_bbp_topic_count_hidden":0,"_bbp_reply_count_hidden":0,"_bbp_forum_subforum_count":0,"footnotes":""},"categories":[67,126,29],"tags":[1381,1044,1261,1382],"class_list":["post-11512","post","type-post","status-publish","format-standard","has-post-thumbnail","hentry","category-batx-1","category-dephumanitats","category-portada","tag-arbre-dels-desitjos","tag-ciutadania-politica-dret","tag-drets-humans","tag-participacio-ciutadana"],"post_mailing_queue_ids":[],"_links":{"self":[{"href":"https:\/\/agora.xtec.cat\/iesmontbui\/wp-json\/wp\/v2\/posts\/11512","targetHints":{"allow":["GET"]}}],"collection":[{"href":"https:\/\/agora.xtec.cat\/iesmontbui\/wp-json\/wp\/v2\/posts"}],"about":[{"href":"https:\/\/agora.xtec.cat\/iesmontbui\/wp-json\/wp\/v2\/types\/post"}],"author":[{"embeddable":true,"href":"https:\/\/agora.xtec.cat\/iesmontbui\/wp-json\/wp\/v2\/users\/66"}],"replies":[{"embeddable":true,"href":"https:\/\/agora.xtec.cat\/iesmontbui\/wp-json\/wp\/v2\/comments?post=11512"}],"version-history":[{"count":2,"href":"https:\/\/agora.xtec.cat\/iesmontbui\/wp-json\/wp\/v2\/posts\/11512\/revisions"}],"predecessor-version":[{"id":11515,"href":"https:\/\/agora.xtec.cat\/iesmontbui\/wp-json\/wp\/v2\/posts\/11512\/revisions\/11515"}],"wp:featuredmedia":[{"embeddable":true,"href":"https:\/\/agora.xtec.cat\/iesmontbui\/wp-json\/wp\/v2\/media\/11513"}],"wp:attachment":[{"href":"https:\/\/agora.xtec.cat\/iesmontbui\/wp-json\/wp\/v2\/media?parent=11512"}],"wp:term":[{"taxonomy":"category","embeddable":true,"href":"https:\/\/agora.xtec.cat\/iesmontbui\/wp-json\/wp\/v2\/categories?post=11512"},{"taxonomy":"post_tag","embeddable":true,"href":"https:\/\/agora.xtec.cat\/iesmontbui\/wp-json\/wp\/v2\/tags?post=11512"}],"curies":[{"name":"wp","href":"https:\/\/api.w.org\/{rel}","templated":true}]}}