{"id":11507,"date":"2025-06-10T18:35:40","date_gmt":"2025-06-10T16:35:40","guid":{"rendered":"https:\/\/agora.xtec.cat\/iesmontbui\/?p=11507"},"modified":"2025-06-10T18:35:56","modified_gmt":"2025-06-10T16:35:56","slug":"encantats-descoltar-vos","status":"publish","type":"post","link":"https:\/\/agora.xtec.cat\/iesmontbui\/eso\/eso-1\/encantats-descoltar-vos\/","title":{"rendered":"Encantats d&#8217;escoltar-vos!"},"content":{"rendered":"<p>La Sala Gran del Mont-\u00c0gora ha acollit aquest dimarts, 10 de juny, un concert a c\u00e0rrec dels alumnes de sis\u00e8 de Prim\u00e0ria de les escoles del municipi i dels de primer d\u2019ESO de l\u2019Institut, sota el t\u00edtol <strong>\u201cEncanta\u2019t\u201d.<\/strong> L&#8217;activitat forma part de la <strong>Setmana de les Arts 2025<\/strong> que organitza l&#8217;Ajuntament de Santa Margarida de Montbui.<\/p>\n<p>[V\u00eddeo 1]<\/p>\n<p><iframe loading=\"lazy\" src=\"https:\/\/drive.google.com\/file\/d\/1d7tXD5a01XtahEahLSCMrgsYzkdZ3S6y\/preview\" width=\"640\" height=\"480\"><\/iframe><\/p>\n<p>[V\u00eddeo 2]<\/p>\n<p><iframe loading=\"lazy\" src=\"https:\/\/drive.google.com\/file\/d\/1Ll1SgZbLNQQfCnpcZrZ4SN4h9qoaH-DA\/preview\" width=\"640\" height=\"480\"><\/iframe><\/p>\n<p>[V\u00eddeo 3]<\/p>\n<p><iframe loading=\"lazy\" src=\"https:\/\/drive.google.com\/file\/d\/1-rVHHO5GWexkXjOKE4LgYF0K0Jd13BSO\/preview\" width=\"640\" height=\"480\"><\/iframe><\/p>\n<p>\u2139\ufe0f Mira el recull d&#8217;imatges i m\u00e9s v\u00eddeos al Drive: <a href=\"https:\/\/drive.google.com\/drive\/folders\/1FK65aQdr9YqpMAu5h4MWZE30u1DUlV1V\">https:\/\/drive.google.com\/drive\/folders\/1FK65aQdr9YqpMAu5h4MWZE30u1DUlV1V\u00a0<\/a><\/p>\n","protected":false},"excerpt":{"rendered":"<p>La Sala Gran del Mont-\u00c0gora ha acollit aquest dimarts, 10 de juny, un concert a c\u00e0rrec dels alumnes de sis\u00e8 de Prim\u00e0ria de les escoles del municipi i dels de primer d\u2019ESO de l\u2019Institut, sota el t\u00edtol \u201cEncanta\u2019t\u201d. L&#8217;activitat forma part de la Setmana de&hellip;  <a href=\"https:\/\/agora.xtec.cat\/iesmontbui\/eso\/eso-1\/encantats-descoltar-vos\/\" title=\"Read Encantats d&#8217;escoltar-vos!\">Llegeix m\u00e9s\u00bb<\/a><\/p>\n","protected":false},"author":66,"featured_media":11509,"comment_status":"open","ping_status":"open","sticky":false,"template":"","format":"standard","meta":{"_bbp_topic_count":0,"_bbp_reply_count":0,"_bbp_total_topic_count":0,"_bbp_total_reply_count":0,"_bbp_voice_count":0,"_bbp_anonymous_reply_count":0,"_bbp_topic_count_hidden":0,"_bbp_reply_count_hidden":0,"_bbp_forum_subforum_count":0,"footnotes":""},"categories":[121,4,29],"tags":[768,767,785,1358],"class_list":["post-11507","post","type-post","status-publish","format-standard","has-post-thumbnail","hentry","category-depexpressio","category-eso-1","category-portada","tag-concert-encantat","tag-encantat","tag-setmana-de-les-arts","tag-setmana-de-les-arts-2025"],"post_mailing_queue_ids":[],"_links":{"self":[{"href":"https:\/\/agora.xtec.cat\/iesmontbui\/wp-json\/wp\/v2\/posts\/11507","targetHints":{"allow":["GET"]}}],"collection":[{"href":"https:\/\/agora.xtec.cat\/iesmontbui\/wp-json\/wp\/v2\/posts"}],"about":[{"href":"https:\/\/agora.xtec.cat\/iesmontbui\/wp-json\/wp\/v2\/types\/post"}],"author":[{"embeddable":true,"href":"https:\/\/agora.xtec.cat\/iesmontbui\/wp-json\/wp\/v2\/users\/66"}],"replies":[{"embeddable":true,"href":"https:\/\/agora.xtec.cat\/iesmontbui\/wp-json\/wp\/v2\/comments?post=11507"}],"version-history":[{"count":3,"href":"https:\/\/agora.xtec.cat\/iesmontbui\/wp-json\/wp\/v2\/posts\/11507\/revisions"}],"predecessor-version":[{"id":11511,"href":"https:\/\/agora.xtec.cat\/iesmontbui\/wp-json\/wp\/v2\/posts\/11507\/revisions\/11511"}],"wp:featuredmedia":[{"embeddable":true,"href":"https:\/\/agora.xtec.cat\/iesmontbui\/wp-json\/wp\/v2\/media\/11509"}],"wp:attachment":[{"href":"https:\/\/agora.xtec.cat\/iesmontbui\/wp-json\/wp\/v2\/media?parent=11507"}],"wp:term":[{"taxonomy":"category","embeddable":true,"href":"https:\/\/agora.xtec.cat\/iesmontbui\/wp-json\/wp\/v2\/categories?post=11507"},{"taxonomy":"post_tag","embeddable":true,"href":"https:\/\/agora.xtec.cat\/iesmontbui\/wp-json\/wp\/v2\/tags?post=11507"}],"curies":[{"name":"wp","href":"https:\/\/api.w.org\/{rel}","templated":true}]}}