{"id":11504,"date":"2025-06-10T09:22:58","date_gmt":"2025-06-10T07:22:58","guid":{"rendered":"https:\/\/agora.xtec.cat\/iesmontbui\/?p=11504"},"modified":"2025-06-10T09:22:58","modified_gmt":"2025-06-10T07:22:58","slug":"xerrada-de-la-psicologa-raquel-venque","status":"publish","type":"post","link":"https:\/\/agora.xtec.cat\/iesmontbui\/eso\/eso-4\/xerrada-de-la-psicologa-raquel-venque\/","title":{"rendered":"Xerrada de la psic\u00f2loga Raquel Venque"},"content":{"rendered":"<p><a href=\"https:\/\/agora.xtec.cat\/iesmontbui\/wp-content\/uploads\/usu145\/2025\/06\/1000062866-scaled-e1749540113482.jpg\"><img loading=\"lazy\" decoding=\"async\" class=\"alignright size-medium wp-image-11505\" src=\"https:\/\/agora.xtec.cat\/iesmontbui\/wp-content\/uploads\/usu145\/2025\/06\/1000062866-scaled-e1749540113482-300x121.jpg\" alt=\"\" width=\"300\" height=\"121\" srcset=\"https:\/\/agora.xtec.cat\/iesmontbui\/wp-content\/uploads\/usu145\/2025\/06\/1000062866-scaled-e1749540113482-300x121.jpg 300w, https:\/\/agora.xtec.cat\/iesmontbui\/wp-content\/uploads\/usu145\/2025\/06\/1000062866-scaled-e1749540113482-1024x413.jpg 1024w, https:\/\/agora.xtec.cat\/iesmontbui\/wp-content\/uploads\/usu145\/2025\/06\/1000062866-scaled-e1749540113482-768x310.jpg 768w, https:\/\/agora.xtec.cat\/iesmontbui\/wp-content\/uploads\/usu145\/2025\/06\/1000062866-scaled-e1749540113482-1536x620.jpg 1536w, https:\/\/agora.xtec.cat\/iesmontbui\/wp-content\/uploads\/usu145\/2025\/06\/1000062866-scaled-e1749540113482-2048x827.jpg 2048w\" sizes=\"auto, (max-width: 300px) 100vw, 300px\" \/><\/a><\/p>\n<p>El passat 29 de maig, la psic\u00f2loga Raquel Venque va dur a terme una xerrada adre\u00e7ada a l&#8217;<strong>alumnat de filosofia de quart d&#8217;ESO i l&#8217;alumnat de psicologia de primer de Batxillerat.<\/strong><\/p>\n<p>L&#8217;activitat, que estava encarada a motivar l&#8217;alumnat davant de les decisions importants de la seva vida, va comen\u00e7ar amb l&#8217;explicaci\u00f3 de l&#8217;<strong>experi\u00e8ncia personal de la psic\u00f2loga davant de les decisions crucials que han marcat la seva pr\u00f2pia vida.<\/strong> Despr\u00e9s, l&#8217;alumnat va poder ser protagonista amb una activitat motivadora i divertida que els va aportar reflexi\u00f3, sinceritat, records&#8230; i una bona estona d&#8217;aprenentatge.<\/p>\n<p>Raquel Venque \u00e9s una jove psic\u00f2loga especialitzada en psicologia de l&#8217;esport i alt rendiment. Des de fa m\u00e9s de 10 anys ajuda esportistes, opositors i artistes a entrenar la seva ment per assolir el seu m\u00e0xim potencial.<\/p>\n<p>Podeu veure m\u00e9s imatges a l&#8217;Instagram del centre.<\/p>\n<p>.<\/p>\n","protected":false},"excerpt":{"rendered":"<p><a href=\"https:\/\/agora.xtec.cat\/iesmontbui\/wp-content\/uploads\/usu145\/2025\/06\/1000062866-scaled-e1749540113482.jpg\"><\/a><br \/>\nEl passat 29 de maig, la psic\u00f2loga Raquel Venque va dur a terme una xerrada adre\u00e7ada a l&#8217;alumnat de filosofia de quart d&#8217;ESO i l&#8217;alumnat de psicologia de primer de Batxillerat.<br \/>\nL&#8217;activitat, que estava encarada a motivar l&#8217;alumnat davant de les decisions importants de la&hellip;  <a href=\"https:\/\/agora.xtec.cat\/iesmontbui\/eso\/eso-4\/xerrada-de-la-psicologa-raquel-venque\/\" title=\"Read Xerrada de la psic\u00f2loga Raquel Venque\">Llegeix m\u00e9s\u00bb<\/a><\/p>\n","protected":false},"author":66,"featured_media":11505,"comment_status":"open","ping_status":"open","sticky":false,"template":"","format":"standard","meta":{"_bbp_topic_count":0,"_bbp_reply_count":0,"_bbp_total_topic_count":0,"_bbp_total_reply_count":0,"_bbp_voice_count":0,"_bbp_anonymous_reply_count":0,"_bbp_topic_count_hidden":0,"_bbp_reply_count_hidden":0,"_bbp_forum_subforum_count":0,"footnotes":""},"categories":[67,126,7,29],"tags":[280,271,1380],"class_list":["post-11504","post","type-post","status-publish","format-standard","has-post-thumbnail","hentry","category-batx-1","category-dephumanitats","category-eso-4","category-portada","tag-filosofia","tag-psicologia","tag-raquel-venque"],"post_mailing_queue_ids":[],"_links":{"self":[{"href":"https:\/\/agora.xtec.cat\/iesmontbui\/wp-json\/wp\/v2\/posts\/11504","targetHints":{"allow":["GET"]}}],"collection":[{"href":"https:\/\/agora.xtec.cat\/iesmontbui\/wp-json\/wp\/v2\/posts"}],"about":[{"href":"https:\/\/agora.xtec.cat\/iesmontbui\/wp-json\/wp\/v2\/types\/post"}],"author":[{"embeddable":true,"href":"https:\/\/agora.xtec.cat\/iesmontbui\/wp-json\/wp\/v2\/users\/66"}],"replies":[{"embeddable":true,"href":"https:\/\/agora.xtec.cat\/iesmontbui\/wp-json\/wp\/v2\/comments?post=11504"}],"version-history":[{"count":1,"href":"https:\/\/agora.xtec.cat\/iesmontbui\/wp-json\/wp\/v2\/posts\/11504\/revisions"}],"predecessor-version":[{"id":11506,"href":"https:\/\/agora.xtec.cat\/iesmontbui\/wp-json\/wp\/v2\/posts\/11504\/revisions\/11506"}],"wp:featuredmedia":[{"embeddable":true,"href":"https:\/\/agora.xtec.cat\/iesmontbui\/wp-json\/wp\/v2\/media\/11505"}],"wp:attachment":[{"href":"https:\/\/agora.xtec.cat\/iesmontbui\/wp-json\/wp\/v2\/media?parent=11504"}],"wp:term":[{"taxonomy":"category","embeddable":true,"href":"https:\/\/agora.xtec.cat\/iesmontbui\/wp-json\/wp\/v2\/categories?post=11504"},{"taxonomy":"post_tag","embeddable":true,"href":"https:\/\/agora.xtec.cat\/iesmontbui\/wp-json\/wp\/v2\/tags?post=11504"}],"curies":[{"name":"wp","href":"https:\/\/api.w.org\/{rel}","templated":true}]}}