{"id":11449,"date":"2025-06-02T11:44:36","date_gmt":"2025-06-02T09:44:36","guid":{"rendered":"https:\/\/agora.xtec.cat\/iesmontbui\/?p=11449"},"modified":"2025-06-02T11:50:50","modified_gmt":"2025-06-02T09:50:50","slug":"linstitut-participa-activament-en-la-setmana-de-les-arts-2025","status":"publish","type":"post","link":"https:\/\/agora.xtec.cat\/iesmontbui\/general\/linstitut-participa-activament-en-la-setmana-de-les-arts-2025\/","title":{"rendered":"L&#8217;institut participa activament en la Setmana de les Arts 2025"},"content":{"rendered":"<p><a href=\"https:\/\/agora.xtec.cat\/iesmontbui\/wp-content\/uploads\/usu145\/2025\/06\/Setmana-de-les-arts-2025-1-1.png\"><img loading=\"lazy\" decoding=\"async\" class=\"alignright size-medium wp-image-11451\" src=\"https:\/\/agora.xtec.cat\/iesmontbui\/wp-content\/uploads\/usu145\/2025\/06\/Setmana-de-les-arts-2025-1-1-212x300.png\" alt=\"\" width=\"212\" height=\"300\" srcset=\"https:\/\/agora.xtec.cat\/iesmontbui\/wp-content\/uploads\/usu145\/2025\/06\/Setmana-de-les-arts-2025-1-1-212x300.png 212w, https:\/\/agora.xtec.cat\/iesmontbui\/wp-content\/uploads\/usu145\/2025\/06\/Setmana-de-les-arts-2025-1-1-724x1024.png 724w, https:\/\/agora.xtec.cat\/iesmontbui\/wp-content\/uploads\/usu145\/2025\/06\/Setmana-de-les-arts-2025-1-1-768x1086.png 768w, https:\/\/agora.xtec.cat\/iesmontbui\/wp-content\/uploads\/usu145\/2025\/06\/Setmana-de-les-arts-2025-1-1-1086x1536.png 1086w, https:\/\/agora.xtec.cat\/iesmontbui\/wp-content\/uploads\/usu145\/2025\/06\/Setmana-de-les-arts-2025-1-1.png 1414w\" sizes=\"auto, (max-width: 212px) 100vw, 212px\" \/><\/a>L\u2019Ajuntament de Santa Margarida de Montbui, a trav\u00e9s de la regidoria d\u2019Educaci\u00f3, organitza una nova edici\u00f3 de la Setmana de les Arts, que tindr\u00e0 lloc del <strong>divendres 6 al divendres 13 de juny.<\/strong><\/p>\n<p>El divendres 6 de juny tindr\u00e0 lloc la projecci\u00f3, a la sala petita Mont-\u00c0gora, de la pel\u00b7l\u00edcula <strong>\u201cCamino a la escuela\u201d. <\/strong>\u00c9s una activitat adre\u00e7ada als alumnes de quart de Prim\u00e0ria de les escoles. Comen\u00e7ar\u00e0 a les 11 del mat\u00ed.<\/p>\n<p>Tamb\u00e9 el divendres 6 i el dissabte 7 de juny es realitzaran representacions de l\u2019obra de teatre <strong>\u201cQuatre motius per fer-ho\u201d<\/strong>, a c\u00e0rrec d\u2019alumnes de l\u2019Institut Montbui, sota direcci\u00f3 d\u2019Al\u00edcia Zamora. Les obres comen\u00e7aran a les 20 hores.<\/p>\n<p>El dilluns 9 de juny, a partir de les 11 del mat\u00ed, es representar\u00e0 a la Sala Gran Mont-\u00c0gora l\u2019obra de teatre \u201c<strong>Els colors de la Martina\u201d<\/strong>, la qual anir\u00e0 a c\u00e0rrec de La Tremenda Cia. Aquesta activitat anir\u00e0 adre\u00e7ada per a alumnes de I2, I3, I4 i I5.<\/p>\n<p>El dimarts 10 de juny a partir de les 11.30 hores tindr\u00e0 lloc a la Sala Gran de Mont-\u00c0gora un concert conjunt a c\u00e0rrec dels alumnes de sis\u00e8 de Prim\u00e0ria i dels de primer d\u2019ESO de l&#8217;Institut, sota el t\u00edtol <strong>\u201cEncanta\u2019t\u201d.<\/strong><\/p>\n<p>El dimecres 11 de juny tindr\u00e0 lloc a la Sala Gran Mont-\u00c0gora un <strong>Concert de l\u2019orquestra de Violins i Violoncels<\/strong> formada per alumnes de segon de Prim\u00e0ria de les escoles montbuienques.<\/p>\n<p>El dijous 12 de juny es realitzar\u00e0 a Mont-\u00c0gora l\u2019activitat \u201c<strong>Fem Teatre\u201d<\/strong>, la qual anir\u00e0 a c\u00e0rrec dels\/les alumnes de cinqu\u00e8 curs de prim\u00e0ria de les escoles montbuienques. A les 10.30 hores comen\u00e7aran els\/les alumnes de l\u2019escola Montbou, posteriorment, a les 11 hores hi prendran part els\/les alumnes de l\u2019escola Antoni Gaud\u00ed, i finalitzaran a les 12 hores els\/les alumnes de l\u2019escola Garc\u00eda Lorca.<\/p>\n<p>Tamb\u00e9 el dijous 12 de juny, per\u00f2 a les 18 hores, es realitzar\u00e0 l\u2019<strong>Homenatge a la Comunitat Educativa<\/strong> a la sala petita Mont-\u00c0gora.<\/p>\n<p><strong>\u201cEducArt\u201d, amb l\u2019actriu igualadina Diana G\u00f3mez, el dimarts 17 de juny<\/strong><\/p>\n<p>La Setmana de les Arts clour\u00e0 el dimarts 17 de juny amb l\u2019activitat <strong>\u201cEducArt\u201d,<\/strong> amb un col\u00b7loqui-conversa amb l\u2019actriu igualadina Diana G\u00f3mez, qui parlar\u00e0 sobre com l\u2019art ha estat fonamental en el seu creixement personal. L\u2019\u201dEducArt\u201d amb <strong>Diana G\u00f3mez<\/strong> es realitzar\u00e0 a partir de les 7 de la tarda a la Sala Gran Mont-\u00c0gora, amb entrada lliure i gratu\u00efta.<\/p>\n<p>Trobareu m\u00e9s informaci\u00f3 sobre aquest acte a les xarxes socials de l\u2019@ajmontbui.<\/p>\n","protected":false},"excerpt":{"rendered":"<p><a href=\"https:\/\/agora.xtec.cat\/iesmontbui\/wp-content\/uploads\/usu145\/2025\/06\/Setmana-de-les-arts-2025-1-1.png\"><\/a>L\u2019Ajuntament de Santa Margarida de Montbui, a trav\u00e9s de la regidoria d\u2019Educaci\u00f3, organitza una nova edici\u00f3 de la Setmana de les Arts, que tindr\u00e0 lloc del divendres 6 al divendres 13 de juny.<br \/>\nEl divendres 6 de juny tindr\u00e0 lloc la projecci\u00f3, a la sala&hellip;  <a href=\"https:\/\/agora.xtec.cat\/iesmontbui\/general\/linstitut-participa-activament-en-la-setmana-de-les-arts-2025\/\" title=\"Read L&#8217;institut participa activament en la Setmana de les Arts 2025\">Llegeix m\u00e9s\u00bb<\/a><\/p>\n","protected":false},"author":66,"featured_media":11450,"comment_status":"open","ping_status":"closed","sticky":false,"template":"","format":"standard","meta":{"_bbp_topic_count":0,"_bbp_reply_count":0,"_bbp_total_topic_count":0,"_bbp_total_reply_count":0,"_bbp_voice_count":0,"_bbp_anonymous_reply_count":0,"_bbp_topic_count_hidden":0,"_bbp_reply_count_hidden":0,"_bbp_forum_subforum_count":0,"footnotes":""},"categories":[1,29],"tags":[662,1358],"class_list":["post-11449","post","type-post","status-publish","format-standard","has-post-thumbnail","hentry","category-general","category-portada","tag-ajuntament-de-santa-margarida-de-montbui","tag-setmana-de-les-arts-2025"],"post_mailing_queue_ids":[],"_links":{"self":[{"href":"https:\/\/agora.xtec.cat\/iesmontbui\/wp-json\/wp\/v2\/posts\/11449","targetHints":{"allow":["GET"]}}],"collection":[{"href":"https:\/\/agora.xtec.cat\/iesmontbui\/wp-json\/wp\/v2\/posts"}],"about":[{"href":"https:\/\/agora.xtec.cat\/iesmontbui\/wp-json\/wp\/v2\/types\/post"}],"author":[{"embeddable":true,"href":"https:\/\/agora.xtec.cat\/iesmontbui\/wp-json\/wp\/v2\/users\/66"}],"replies":[{"embeddable":true,"href":"https:\/\/agora.xtec.cat\/iesmontbui\/wp-json\/wp\/v2\/comments?post=11449"}],"version-history":[{"count":1,"href":"https:\/\/agora.xtec.cat\/iesmontbui\/wp-json\/wp\/v2\/posts\/11449\/revisions"}],"predecessor-version":[{"id":11452,"href":"https:\/\/agora.xtec.cat\/iesmontbui\/wp-json\/wp\/v2\/posts\/11449\/revisions\/11452"}],"wp:featuredmedia":[{"embeddable":true,"href":"https:\/\/agora.xtec.cat\/iesmontbui\/wp-json\/wp\/v2\/media\/11450"}],"wp:attachment":[{"href":"https:\/\/agora.xtec.cat\/iesmontbui\/wp-json\/wp\/v2\/media?parent=11449"}],"wp:term":[{"taxonomy":"category","embeddable":true,"href":"https:\/\/agora.xtec.cat\/iesmontbui\/wp-json\/wp\/v2\/categories?post=11449"},{"taxonomy":"post_tag","embeddable":true,"href":"https:\/\/agora.xtec.cat\/iesmontbui\/wp-json\/wp\/v2\/tags?post=11449"}],"curies":[{"name":"wp","href":"https:\/\/api.w.org\/{rel}","templated":true}]}}