{"id":11441,"date":"2025-05-31T11:47:47","date_gmt":"2025-05-31T09:47:47","guid":{"rendered":"https:\/\/agora.xtec.cat\/iesmontbui\/?p=11441"},"modified":"2025-05-31T11:47:56","modified_gmt":"2025-05-31T09:47:56","slug":"acte-cloenda-projecte-mentoria-juvenil-19-06","status":"publish","type":"post","link":"https:\/\/agora.xtec.cat\/iesmontbui\/general\/acte-cloenda-projecte-mentoria-juvenil-19-06\/","title":{"rendered":"Acte cloenda projecte mentoria juvenil (19\/06)"},"content":{"rendered":"<p><a href=\"https:\/\/agora.xtec.cat\/iesmontbui\/wp-content\/uploads\/usu145\/2025\/05\/logo-1.png\"><img loading=\"lazy\" decoding=\"async\" class=\"alignright size-medium wp-image-11443\" src=\"https:\/\/agora.xtec.cat\/iesmontbui\/wp-content\/uploads\/usu145\/2025\/05\/logo-1-245x300.png\" alt=\"\" width=\"245\" height=\"300\" srcset=\"https:\/\/agora.xtec.cat\/iesmontbui\/wp-content\/uploads\/usu145\/2025\/05\/logo-1-245x300.png 245w, https:\/\/agora.xtec.cat\/iesmontbui\/wp-content\/uploads\/usu145\/2025\/05\/logo-1-768x940.png 768w, https:\/\/agora.xtec.cat\/iesmontbui\/wp-content\/uploads\/usu145\/2025\/05\/logo-1.png 770w\" sizes=\"auto, (max-width: 245px) 100vw, 245px\" \/><\/a>El proper dijous 19 de juny a les 17 hores, tindr\u00e0 lloc, a l\u2019Institut Montbui, l&#8217;<strong>acte de cloenda del projecte de mentoria juvenil de la Conca d\u2019\u00d2dena del curs 2024-2025.<\/strong> \u00c9s el cinqu\u00e8 curs que el centre participa en aquest projecte, gestionat per C\u00e0ritas Arxiprestal Anoia-Segarra i pel Pla Educatiu d\u2019Entorn de l\u2019Ajuntament de Santa Margarida de Montbui.<\/p>\n<p>Aquest projecte acompanya a <strong>joves de primer a quart d\u2019ESO per afavorir el desenvolupament integral dels alumnes i fomentar la igualtat d\u2019oportunitats m\u00e9s enll\u00e0 de l&#8217;escola.<\/strong> Aquest curs s&#8217;han format tres parelles de mentors i mentorats i ha estat tot un \u00e8xit.<\/p>\n<p>En l&#8217;esdeveniment estaran presents els agents de les entitats i de l&#8217;entorn que col\u00b7laboren i contribueixen a articular tota la xarxa, les fam\u00edlies i, sobretot, els protagonistes, que s\u00f3n els joves i els mentors que ho fan possible.<\/p>\n","protected":false},"excerpt":{"rendered":"<p><a href=\"https:\/\/agora.xtec.cat\/iesmontbui\/wp-content\/uploads\/usu145\/2025\/05\/logo-1.png\"><\/a>El proper dijous 19 de juny a les 17 hores, tindr\u00e0 lloc, a l\u2019Institut Montbui, l&#8217;acte de cloenda del projecte de mentoria juvenil de la Conca d\u2019\u00d2dena del curs 2024-2025. \u00c9s el cinqu\u00e8 curs que el centre participa en aquest projecte, gestionat per C\u00e0ritas&hellip;  <a href=\"https:\/\/agora.xtec.cat\/iesmontbui\/general\/acte-cloenda-projecte-mentoria-juvenil-19-06\/\" title=\"Read Acte cloenda projecte mentoria juvenil (19\/06)\">Llegeix m\u00e9s\u00bb<\/a><\/p>\n","protected":false},"author":66,"featured_media":11442,"comment_status":"open","ping_status":"closed","sticky":false,"template":"","format":"standard","meta":{"_bbp_topic_count":0,"_bbp_reply_count":0,"_bbp_total_topic_count":0,"_bbp_total_reply_count":0,"_bbp_voice_count":0,"_bbp_anonymous_reply_count":0,"_bbp_topic_count_hidden":0,"_bbp_reply_count_hidden":0,"_bbp_forum_subforum_count":0,"footnotes":""},"categories":[1,29],"tags":[1353,498,1351,1352],"class_list":["post-11441","post","type-post","status-publish","format-standard","has-post-thumbnail","hentry","category-general","category-portada","tag-acte-mentoria-juvenil","tag-conca-dodena","tag-mentoria-juvenil","tag-mentoria-juvenil-2024-25"],"post_mailing_queue_ids":[],"_links":{"self":[{"href":"https:\/\/agora.xtec.cat\/iesmontbui\/wp-json\/wp\/v2\/posts\/11441","targetHints":{"allow":["GET"]}}],"collection":[{"href":"https:\/\/agora.xtec.cat\/iesmontbui\/wp-json\/wp\/v2\/posts"}],"about":[{"href":"https:\/\/agora.xtec.cat\/iesmontbui\/wp-json\/wp\/v2\/types\/post"}],"author":[{"embeddable":true,"href":"https:\/\/agora.xtec.cat\/iesmontbui\/wp-json\/wp\/v2\/users\/66"}],"replies":[{"embeddable":true,"href":"https:\/\/agora.xtec.cat\/iesmontbui\/wp-json\/wp\/v2\/comments?post=11441"}],"version-history":[{"count":1,"href":"https:\/\/agora.xtec.cat\/iesmontbui\/wp-json\/wp\/v2\/posts\/11441\/revisions"}],"predecessor-version":[{"id":11444,"href":"https:\/\/agora.xtec.cat\/iesmontbui\/wp-json\/wp\/v2\/posts\/11441\/revisions\/11444"}],"wp:featuredmedia":[{"embeddable":true,"href":"https:\/\/agora.xtec.cat\/iesmontbui\/wp-json\/wp\/v2\/media\/11442"}],"wp:attachment":[{"href":"https:\/\/agora.xtec.cat\/iesmontbui\/wp-json\/wp\/v2\/media?parent=11441"}],"wp:term":[{"taxonomy":"category","embeddable":true,"href":"https:\/\/agora.xtec.cat\/iesmontbui\/wp-json\/wp\/v2\/categories?post=11441"},{"taxonomy":"post_tag","embeddable":true,"href":"https:\/\/agora.xtec.cat\/iesmontbui\/wp-json\/wp\/v2\/tags?post=11441"}],"curies":[{"name":"wp","href":"https:\/\/api.w.org\/{rel}","templated":true}]}}