{"id":11437,"date":"2025-05-31T11:41:03","date_gmt":"2025-05-31T09:41:03","guid":{"rendered":"https:\/\/agora.xtec.cat\/iesmontbui\/?p=11437"},"modified":"2025-05-31T11:53:37","modified_gmt":"2025-05-31T09:53:37","slug":"acollida-al-parc-central","status":"publish","type":"post","link":"https:\/\/agora.xtec.cat\/iesmontbui\/portada\/acollida-al-parc-central\/","title":{"rendered":"Acollida&#8230; al Parc Central!"},"content":{"rendered":"<p><a href=\"https:\/\/agora.xtec.cat\/iesmontbui\/wp-content\/uploads\/usu145\/2025\/05\/WhatsApp-Image-2025-05-30-at-10.48.07-1-1.jpeg\"><img loading=\"lazy\" decoding=\"async\" class=\" wp-image-11439 aligncenter\" src=\"https:\/\/agora.xtec.cat\/iesmontbui\/wp-content\/uploads\/usu145\/2025\/05\/WhatsApp-Image-2025-05-30-at-10.48.07-1-1-300x225.jpeg\" alt=\"\" width=\"292\" height=\"168\" \/><\/a><\/p>\n<p>El passat dimecres 21 de maig l&#8217;alumnat de l&#8217;Aula d&#8217;Acollida va fer una sortida al Parc Central d&#8217;Igualada. En aquest indret van con\u00e8ixer<strong> els alumnes d&#8217;Aula d&#8217;Acollida de l&#8217;Institut Pla de les Moreres<\/strong>, de Vilanova del Cam\u00ed. All\u00e0 van posar-se cara despr\u00e9s d&#8217;haver estat en contacte durant tot l&#8217;any a trav\u00e9s d&#8217;activitats as\u00edncrones. Aix\u00ed, van poder fer algunes <strong>activitats de coneixen\u00e7a<\/strong>. \u00c9s la darrera activitat de l&#8217;Aula d&#8217;Acollida d&#8217;aquest curs 2024-25.<\/p>\n<p>M\u00e9s imatges, a l&#8217;Instagram del centre.<\/p>\n","protected":false},"excerpt":{"rendered":"<p><a href=\"https:\/\/agora.xtec.cat\/iesmontbui\/wp-content\/uploads\/usu145\/2025\/05\/WhatsApp-Image-2025-05-30-at-10.48.07-1-1.jpeg\"><\/a><br \/>\nEl passat dimecres 21 de maig l&#8217;alumnat de l&#8217;Aula d&#8217;Acollida va fer una sortida al Parc Central d&#8217;Igualada. En aquest indret van con\u00e8ixer els alumnes d&#8217;Aula d&#8217;Acollida de l&#8217;Institut Pla de les Moreres, de Vilanova del Cam\u00ed. All\u00e0 van posar-se cara despr\u00e9s d&#8217;haver estat&hellip;  <a href=\"https:\/\/agora.xtec.cat\/iesmontbui\/portada\/acollida-al-parc-central\/\" title=\"Read Acollida&#8230; al Parc Central!\">Llegeix m\u00e9s\u00bb<\/a><\/p>\n","protected":false},"author":66,"featured_media":11438,"comment_status":"open","ping_status":"closed","sticky":false,"template":"","format":"standard","meta":{"_bbp_topic_count":0,"_bbp_reply_count":0,"_bbp_total_topic_count":0,"_bbp_total_reply_count":0,"_bbp_voice_count":0,"_bbp_anonymous_reply_count":0,"_bbp_topic_count_hidden":0,"_bbp_reply_count_hidden":0,"_bbp_forum_subforum_count":0,"footnotes":""},"categories":[569,29],"tags":[1348,1349,1350,387],"class_list":["post-11437","post","type-post","status-publish","format-standard","has-post-thumbnail","hentry","category-aula-dacollida","category-portada","tag-ins-pla-de-les-moreres","tag-parc-central","tag-trobada-alumnat-acollida","tag-vilanova-del-cami"],"post_mailing_queue_ids":[],"_links":{"self":[{"href":"https:\/\/agora.xtec.cat\/iesmontbui\/wp-json\/wp\/v2\/posts\/11437","targetHints":{"allow":["GET"]}}],"collection":[{"href":"https:\/\/agora.xtec.cat\/iesmontbui\/wp-json\/wp\/v2\/posts"}],"about":[{"href":"https:\/\/agora.xtec.cat\/iesmontbui\/wp-json\/wp\/v2\/types\/post"}],"author":[{"embeddable":true,"href":"https:\/\/agora.xtec.cat\/iesmontbui\/wp-json\/wp\/v2\/users\/66"}],"replies":[{"embeddable":true,"href":"https:\/\/agora.xtec.cat\/iesmontbui\/wp-json\/wp\/v2\/comments?post=11437"}],"version-history":[{"count":2,"href":"https:\/\/agora.xtec.cat\/iesmontbui\/wp-json\/wp\/v2\/posts\/11437\/revisions"}],"predecessor-version":[{"id":11445,"href":"https:\/\/agora.xtec.cat\/iesmontbui\/wp-json\/wp\/v2\/posts\/11437\/revisions\/11445"}],"wp:featuredmedia":[{"embeddable":true,"href":"https:\/\/agora.xtec.cat\/iesmontbui\/wp-json\/wp\/v2\/media\/11438"}],"wp:attachment":[{"href":"https:\/\/agora.xtec.cat\/iesmontbui\/wp-json\/wp\/v2\/media?parent=11437"}],"wp:term":[{"taxonomy":"category","embeddable":true,"href":"https:\/\/agora.xtec.cat\/iesmontbui\/wp-json\/wp\/v2\/categories?post=11437"},{"taxonomy":"post_tag","embeddable":true,"href":"https:\/\/agora.xtec.cat\/iesmontbui\/wp-json\/wp\/v2\/tags?post=11437"}],"curies":[{"name":"wp","href":"https:\/\/api.w.org\/{rel}","templated":true}]}}