{"id":11415,"date":"2025-05-26T20:01:47","date_gmt":"2025-05-26T18:01:47","guid":{"rendered":"https:\/\/agora.xtec.cat\/iesmontbui\/?p=11415"},"modified":"2025-05-26T20:01:47","modified_gmt":"2025-05-26T18:01:47","slug":"experts-en-impostos","status":"publish","type":"post","link":"https:\/\/agora.xtec.cat\/iesmontbui\/portada\/experts-en-impostos\/","title":{"rendered":"Experts en impostos"},"content":{"rendered":"<p><span style=\"font-weight: 400;\">L\u2019alumnat d\u2019E<a href=\"https:\/\/agora.xtec.cat\/iesmontbui\/wp-content\/uploads\/usu145\/2025\/05\/20250526_120356-scaled-e1748282444547.jpg\"><img loading=\"lazy\" decoding=\"async\" class=\"alignright size-medium wp-image-11417\" src=\"https:\/\/agora.xtec.cat\/iesmontbui\/wp-content\/uploads\/usu145\/2025\/05\/20250526_120356-scaled-e1748282444547-300x155.jpg\" alt=\"\" width=\"300\" height=\"155\" srcset=\"https:\/\/agora.xtec.cat\/iesmontbui\/wp-content\/uploads\/usu145\/2025\/05\/20250526_120356-scaled-e1748282444547-300x155.jpg 300w, https:\/\/agora.xtec.cat\/iesmontbui\/wp-content\/uploads\/usu145\/2025\/05\/20250526_120356-scaled-e1748282444547-1024x528.jpg 1024w, https:\/\/agora.xtec.cat\/iesmontbui\/wp-content\/uploads\/usu145\/2025\/05\/20250526_120356-scaled-e1748282444547-768x396.jpg 768w, https:\/\/agora.xtec.cat\/iesmontbui\/wp-content\/uploads\/usu145\/2025\/05\/20250526_120356-scaled-e1748282444547-1536x792.jpg 1536w, https:\/\/agora.xtec.cat\/iesmontbui\/wp-content\/uploads\/usu145\/2025\/05\/20250526_120356-scaled-e1748282444547-2048x1056.jpg 2048w\" sizes=\"auto, (max-width: 300px) 100vw, 300px\" \/><\/a>conomia de primer de Batxillerat ha rebut recentment dues xerrades sobre els i<strong>mpostos auton\u00f2mics i locals que paguen les fam\u00edlies i les empreses.<\/strong>\u00a0<\/span><\/p>\n<p><span style=\"font-weight: 400;\">El dilluns 19 de maig va ser el torn de <strong>Toni Mora,<\/strong> responsable d\u2019impuls i seguiment de mesures per reduir el frau de l\u2019<strong>Ag\u00e8ncia Tribut\u00e0ria de Catalunya. <\/strong><\/span><span style=\"font-weight: 400;\">Els va parlar dels impostos auton\u00f2mics, tant dels propis com els cedits. Tamb\u00e9 els va explicar a qu\u00e8 es destinen aquests diners: a finan\u00e7ar els serveis p\u00fablics, a redistribuir la renda entre els ciutadans i a evitar comportaments perjudicials per a la societat. <\/span><span style=\"font-weight: 400;\">Finalment, van poder reflexionar sobre el frau fiscal, i entendre quin \u00e9s el cost d\u2019oportunitat de no pagar impostos, a m\u00e9s de veure les conseq\u00fc\u00e8ncies de la evasi\u00f3 d&#8217;impostos.<\/span><\/p>\n<p><span style=\"font-weight: 400;\">Posteriorment, els van visitar la <strong>Carme Pe\u00f1a i l\u2019Adri\u00e0 Castelltort,<\/strong> t\u00e8cnica interventora i regidor d\u2019hisenda de l\u2019Ajuntament respectivament, que els van explicar el <strong>Pressupost municipal<\/strong> per a l\u2019any en curs.\u00a0<\/span><span style=\"font-weight: 400;\">Despr\u00e9s de veure quins s\u00f3n els impostos locals i a qu\u00e8 es destinen, van iniciar un debat on l\u2019alumnat va poder fer propostes de modificaci\u00f3 de l\u2019assignaci\u00f3 de la\u00a0 despesa p\u00fablica, i m\u00e9s concretament, de la partida destinada a joventut.<\/span><\/p>\n<p><span style=\"font-weight: 400;\">&#8220;Han estat dues xerrades molt interessants, on hem pogut veure tot el ventall d\u2019impostos que paguem les fam\u00edlies, a qu\u00e8 es destinen aquests diners i les consequ\u00eancies per a la societat de no pagar impostos&#8221; exposen des del Departament de Matem\u00e0tiques i Economia.<\/span><\/p>\n","protected":false},"excerpt":{"rendered":"<p>L\u2019alumnat d\u2019E<a href=\"https:\/\/agora.xtec.cat\/iesmontbui\/wp-content\/uploads\/usu145\/2025\/05\/20250526_120356-scaled-e1748282444547.jpg\"><\/a>conomia de primer de Batxillerat ha rebut recentment dues xerrades sobre els impostos auton\u00f2mics i locals que paguen les fam\u00edlies i les empreses.\u00a0<br \/>\nEl dilluns 19 de maig va ser el torn de Toni Mora, responsable d\u2019impuls i seguiment de mesures per reduir el&hellip;  <a href=\"https:\/\/agora.xtec.cat\/iesmontbui\/portada\/experts-en-impostos\/\" title=\"Read Experts en impostos\">Llegeix m\u00e9s\u00bb<\/a><\/p>\n","protected":false},"author":66,"featured_media":11417,"comment_status":"open","ping_status":"closed","sticky":false,"template":"","format":"standard","meta":{"_bbp_topic_count":0,"_bbp_reply_count":0,"_bbp_total_topic_count":0,"_bbp_total_reply_count":0,"_bbp_voice_count":0,"_bbp_anonymous_reply_count":0,"_bbp_topic_count_hidden":0,"_bbp_reply_count_hidden":0,"_bbp_forum_subforum_count":0,"footnotes":""},"categories":[67,119,29],"tags":[1340,1337,1339,1338,1336],"class_list":["post-11415","post","type-post","status-publish","format-standard","has-post-thumbnail","hentry","category-batx-1","category-depmates","category-portada","tag-adria-castelltort","tag-agencia-tributaria-de-catalunya","tag-carme-pena","tag-toni-mora","tag-xerrada-impostos"],"post_mailing_queue_ids":[],"_links":{"self":[{"href":"https:\/\/agora.xtec.cat\/iesmontbui\/wp-json\/wp\/v2\/posts\/11415","targetHints":{"allow":["GET"]}}],"collection":[{"href":"https:\/\/agora.xtec.cat\/iesmontbui\/wp-json\/wp\/v2\/posts"}],"about":[{"href":"https:\/\/agora.xtec.cat\/iesmontbui\/wp-json\/wp\/v2\/types\/post"}],"author":[{"embeddable":true,"href":"https:\/\/agora.xtec.cat\/iesmontbui\/wp-json\/wp\/v2\/users\/66"}],"replies":[{"embeddable":true,"href":"https:\/\/agora.xtec.cat\/iesmontbui\/wp-json\/wp\/v2\/comments?post=11415"}],"version-history":[{"count":1,"href":"https:\/\/agora.xtec.cat\/iesmontbui\/wp-json\/wp\/v2\/posts\/11415\/revisions"}],"predecessor-version":[{"id":11418,"href":"https:\/\/agora.xtec.cat\/iesmontbui\/wp-json\/wp\/v2\/posts\/11415\/revisions\/11418"}],"wp:featuredmedia":[{"embeddable":true,"href":"https:\/\/agora.xtec.cat\/iesmontbui\/wp-json\/wp\/v2\/media\/11417"}],"wp:attachment":[{"href":"https:\/\/agora.xtec.cat\/iesmontbui\/wp-json\/wp\/v2\/media?parent=11415"}],"wp:term":[{"taxonomy":"category","embeddable":true,"href":"https:\/\/agora.xtec.cat\/iesmontbui\/wp-json\/wp\/v2\/categories?post=11415"},{"taxonomy":"post_tag","embeddable":true,"href":"https:\/\/agora.xtec.cat\/iesmontbui\/wp-json\/wp\/v2\/tags?post=11415"}],"curies":[{"name":"wp","href":"https:\/\/api.w.org\/{rel}","templated":true}]}}