{"id":11368,"date":"2025-05-16T15:18:51","date_gmt":"2025-05-16T13:18:51","guid":{"rendered":"https:\/\/agora.xtec.cat\/iesmontbui\/?p=11368"},"modified":"2025-05-26T19:51:47","modified_gmt":"2025-05-26T17:51:47","slug":"la-descoberta-de-la-serra-de-miralles","status":"publish","type":"post","link":"https:\/\/agora.xtec.cat\/iesmontbui\/eso\/eso-4\/la-descoberta-de-la-serra-de-miralles\/","title":{"rendered":"La descoberta de la Serra de Miralles"},"content":{"rendered":"<p><a href=\"https:\/\/agora.xtec.cat\/iesmontbui\/wp-content\/uploads\/usu145\/2025\/05\/WhatsApp-Image-2025-05-16-at-14.35.07-e1747401475657.jpeg\"><img loading=\"lazy\" decoding=\"async\" class=\" wp-image-11369 aligncenter\" src=\"https:\/\/agora.xtec.cat\/iesmontbui\/wp-content\/uploads\/usu145\/2025\/05\/WhatsApp-Image-2025-05-16-at-14.35.07-e1747401475657-300x123.jpeg\" alt=\"\" width=\"329\" height=\"193\" \/><\/a><\/p>\n<p>L&#8217;alumnat que cursa l&#8217;<strong>optativa de Biologia i Geologia de quart d&#8217;ESO<\/strong> ha assistit aquest divendres, 16 de maig, a la Serra de Miralles. Una ruta circular d&#8217;aproximadament uns deu quil\u00f2metres en qu\u00e8 han vist els diferents estrats de les capes de la terra i diverses roques. Tanmateix, han pres consci\u00e8ncia de com es repobla el bosc despr\u00e9s d&#8217;un incendi. Tot plegat, enmarcat en el temari d&#8217;ecologia i geologia. Aix\u00ed ho detalla la professora Merc\u00e8 Carta\u00f1\u00e0:<\/p>\n<p><span style=\"font-weight: 400;\">&#8220;La ruta comen\u00e7a a peu de carretera, a Ca L&#8217;Escol\u00e0, on hi ha un panell amb els diferents itineraris senyalitzats per fer a peu i acaba al mateix punt, fent un recorregut circular. Vam pujar al castell de Miralles, enrunat, per\u00f2 que t\u00e9 una torre reconstruida i que va ser un espl\u00e8ndid mirador per analitzar el paisatge des de Montserrat fins a la Llacuna, passant per la vall de Carme i fins a Sant Mag\u00ed de la Brufaganya. A l\u2019esquena ten\u00edem els penyasegats de la serralada, on es pod\u00eden observar les alternances de capes de roca dura amb les de roca tova, que li donen el relleu tant caracter\u00edstic&#8221;.<\/span><\/p>\n<p><span style=\"font-weight: 400;\">&#8220;El paisatge \u00e9s tot de roques sediment\u00e0ries (alternances de calc\u00e0ries, margues i argil\u00b7les) dipositades fa 35 milions d\u2019anys, quan la nostra conca i toda la depressi\u00f3 de l\u2019Ebre formava part d\u2019un bra\u00e7 de mar que penetrava des de l&#8217;Atl\u00e0ntic pel Pa\u00eds Basc. La muntanya de Montserrat, no era cap muntanya, sin\u00f3 una gran acumulaci\u00f3 de sediments que formaven un delta d\u2019un riu que neixia on ara tenim la costa catalana i la Tossa era un escull coral\u00b7l\u00ed cobert per l&#8217;aigua. Aix\u00f2 explica l\u2019exist\u00e8ncia de f\u00f2ssil marins que hi trobem ara&#8221;.<\/span><\/p>\n<p><span style=\"font-weight: 400;\">&#8220;La tect\u00f2nica provocada pel xoc de plaques (Africana i Euroasi\u00e0tica) origina l\u2019aixecament dels Pirineus, el bra\u00e7 de mar es tanca i desapareix. S\u2019hi observen diferents episodis de sedimentaci\u00f3 (\u00e8poques plujoses amb clima tropical) i evaporaci\u00f3 (\u00e8poques seques amb formaci\u00f3 de sals i guixos per l\u2019evaporaci\u00f3 de l\u2019aigua). Les \u00e8poques plujoses van originar pujades del nivell d&#8217;aquest mar cosa que van induir la precipitaci\u00f3 de carbonats de calci, els quals van donar lloc a les roques calc\u00e0ries actuals.\u00a0 Les baixades del nivell del mar van originar roques detr\u00edtiques vermelloses (pels \u00f2xids de ferro) com conglomerats, gresos i argiles vermelles. Les argiles s\u00f3n molt abundants a les parts baixes, coincidint amb les zones de conreus i vinya&#8221;.<\/span><\/p>\n<p><span style=\"font-weight: 400;\">&#8220;En aquella \u00e8poca el mar tropical estava ple de vida i entre altres hi havia uns curiosos organismes unicel\u00b7lulars en forma de llentia anomenats<\/span><b> Nummulits<\/b><span style=\"font-weight: 400;\">, que en un canvi brusc del clima (es va tornar m\u00e9s fred i sec) es van extingir. La gran mortandad va fer que quedessin inclosos dins el precipitat calcari i es van convertir en f\u00f2ssils. En vam trobar molts en un estrat calcari darrer el castell, a peu del cam\u00ed&#8221;.<\/span><\/p>\n<p><span style=\"font-weight: 400;\">&#8220;La ruta continua en direcci\u00f3 a l\u2019Agulla Grossa de Miralles i en un punt m\u00e9s elevat van fer una parada per observar la regeneraci\u00f3 del bosc (alzinar amb marfull) despr\u00e9s de l\u2019incendi del 25 de juliol del 2021. La sorpresa va ser que en lloc d\u2019un desert (un incendi i m\u00e9s 3 anys de sequera ho feien pensar) vam trobar el s\u00f2l cobert de vegetaci\u00f3, amb arbres i arbusts que rebrotaven (alzines, mata, c\u00e0dec, savina, marfull, etc), amb plantes herb\u00e0cies i molts plan\u00e7ons de pi que havien germinat de llavor. Tot plegat era una brolla ben constru\u00efda, que ens va sorprendre agradablement. Va ser el colof\u00f3 de l\u2019ecologia&#8221;.<\/span><\/p>\n<p>Podeu veure un recull d&#8217;imatges a l&#8217;Instagram.<\/p>\n<p>&nbsp;<\/p>\n","protected":false},"excerpt":{"rendered":"<p><a href=\"https:\/\/agora.xtec.cat\/iesmontbui\/wp-content\/uploads\/usu145\/2025\/05\/WhatsApp-Image-2025-05-16-at-14.35.07-e1747401475657.jpeg\"><\/a><br \/>\nL&#8217;alumnat que cursa l&#8217;optativa de Biologia i Geologia de quart d&#8217;ESO ha assistit aquest divendres, 16 de maig, a la Serra de Miralles. Una ruta circular d&#8217;aproximadament uns deu quil\u00f2metres en qu\u00e8 han vist els diferents estrats de les capes de la terra i&hellip;  <a href=\"https:\/\/agora.xtec.cat\/iesmontbui\/eso\/eso-4\/la-descoberta-de-la-serra-de-miralles\/\" title=\"Read La descoberta de la Serra de Miralles\">Llegeix m\u00e9s\u00bb<\/a><\/p>\n","protected":false},"author":66,"featured_media":11369,"comment_status":"open","ping_status":"closed","sticky":false,"template":"","format":"standard","meta":{"_bbp_topic_count":0,"_bbp_reply_count":0,"_bbp_total_topic_count":0,"_bbp_total_reply_count":0,"_bbp_voice_count":0,"_bbp_anonymous_reply_count":0,"_bbp_topic_count_hidden":0,"_bbp_reply_count_hidden":0,"_bbp_forum_subforum_count":0,"footnotes":""},"categories":[120,7,29],"tags":[382,1316,1317],"class_list":["post-11368","post","type-post","status-publish","format-standard","has-post-thumbnail","hentry","category-depciencies","category-eso-4","category-portada","tag-biologia-i-geologia","tag-ecologia","tag-serra-de-miralles"],"post_mailing_queue_ids":[],"_links":{"self":[{"href":"https:\/\/agora.xtec.cat\/iesmontbui\/wp-json\/wp\/v2\/posts\/11368","targetHints":{"allow":["GET"]}}],"collection":[{"href":"https:\/\/agora.xtec.cat\/iesmontbui\/wp-json\/wp\/v2\/posts"}],"about":[{"href":"https:\/\/agora.xtec.cat\/iesmontbui\/wp-json\/wp\/v2\/types\/post"}],"author":[{"embeddable":true,"href":"https:\/\/agora.xtec.cat\/iesmontbui\/wp-json\/wp\/v2\/users\/66"}],"replies":[{"embeddable":true,"href":"https:\/\/agora.xtec.cat\/iesmontbui\/wp-json\/wp\/v2\/comments?post=11368"}],"version-history":[{"count":2,"href":"https:\/\/agora.xtec.cat\/iesmontbui\/wp-json\/wp\/v2\/posts\/11368\/revisions"}],"predecessor-version":[{"id":11414,"href":"https:\/\/agora.xtec.cat\/iesmontbui\/wp-json\/wp\/v2\/posts\/11368\/revisions\/11414"}],"wp:featuredmedia":[{"embeddable":true,"href":"https:\/\/agora.xtec.cat\/iesmontbui\/wp-json\/wp\/v2\/media\/11369"}],"wp:attachment":[{"href":"https:\/\/agora.xtec.cat\/iesmontbui\/wp-json\/wp\/v2\/media?parent=11368"}],"wp:term":[{"taxonomy":"category","embeddable":true,"href":"https:\/\/agora.xtec.cat\/iesmontbui\/wp-json\/wp\/v2\/categories?post=11368"},{"taxonomy":"post_tag","embeddable":true,"href":"https:\/\/agora.xtec.cat\/iesmontbui\/wp-json\/wp\/v2\/tags?post=11368"}],"curies":[{"name":"wp","href":"https:\/\/api.w.org\/{rel}","templated":true}]}}