{"id":11344,"date":"2025-05-06T10:51:52","date_gmt":"2025-05-06T08:51:52","guid":{"rendered":"https:\/\/agora.xtec.cat\/iesmontbui\/?p=11344"},"modified":"2025-05-14T16:31:48","modified_gmt":"2025-05-14T14:31:48","slug":"inici-preinscripcio-pfi-2025-26","status":"publish","type":"post","link":"https:\/\/agora.xtec.cat\/iesmontbui\/portada\/inici-preinscripcio-pfi-2025-26\/","title":{"rendered":"Preinscripci\u00f3 PFI curs 2025-26"},"content":{"rendered":"<p><a href=\"https:\/\/agora.xtec.cat\/iesmontbui\/wp-content\/uploads\/usu145\/2025\/05\/Banner-Preinscripcio-PFI.jpg\"><img loading=\"lazy\" decoding=\"async\" class=\" wp-image-11347 aligncenter\" src=\"https:\/\/agora.xtec.cat\/iesmontbui\/wp-content\/uploads\/usu145\/2025\/05\/Banner-Preinscripcio-PFI-300x66.jpg\" alt=\"\" width=\"445\" height=\"98\" srcset=\"https:\/\/agora.xtec.cat\/iesmontbui\/wp-content\/uploads\/usu145\/2025\/05\/Banner-Preinscripcio-PFI-300x66.jpg 300w, https:\/\/agora.xtec.cat\/iesmontbui\/wp-content\/uploads\/usu145\/2025\/05\/Banner-Preinscripcio-PFI-1024x226.jpg 1024w, https:\/\/agora.xtec.cat\/iesmontbui\/wp-content\/uploads\/usu145\/2025\/05\/Banner-Preinscripcio-PFI-768x170.jpg 768w, https:\/\/agora.xtec.cat\/iesmontbui\/wp-content\/uploads\/usu145\/2025\/05\/Banner-Preinscripcio-PFI-1536x340.jpg 1536w, https:\/\/agora.xtec.cat\/iesmontbui\/wp-content\/uploads\/usu145\/2025\/05\/Banner-Preinscripcio-PFI-2048x453.jpg 2048w\" sizes=\"auto, (max-width: 445px) 100vw, 445px\" \/><\/a><\/p>\n<p>Aquest dimarts, 6 de maig, s&#8217;inicia la preinscripci\u00f3 al PFI d\u2019Auxiliar d\u2019Activitats d\u2019Oficina i en Serveis Administratius Generals per al curs 2025-2026.<\/p>\n<p>La preinscripci\u00f3 als programes de formaci\u00f3 i inserci\u00f3 es fa DE MANERA TELEM\u00c0TICA.<\/p>\n<p>Ja pots fer la sol\u00b7licitud per la preinscripci\u00f3, clicant <a href=\"https:\/\/preinscripcio.gencat.cat\/ca\/estudis\/pfi\/preinscriute\/sollicitud\/\">aqu\u00ed.<\/a><\/p>\n<p>Per rebre ajuda del centre per fer el tr\u00e0mit, pots trucar al tel\u00e8fon de l\u2019institut: 938 056 059.<\/p>\n<p>M\u00e9s informaci\u00f3:<a href=\"https:\/\/agora.xtec.cat\/iesmontbui\/estudis\/pfi\/inscripcio-pfi\/\"> https:\/\/agora.xtec.cat\/iesmontbui\/estudis\/pfi\/inscripcio-pfi\/<\/a><\/p>\n","protected":false},"excerpt":{"rendered":"<p><a href=\"https:\/\/agora.xtec.cat\/iesmontbui\/wp-content\/uploads\/usu145\/2025\/05\/Banner-Preinscripcio-PFI.jpg\"><\/a><br \/>\nAquest dimarts, 6 de maig, s&#8217;inicia la preinscripci\u00f3 al PFI d\u2019Auxiliar d\u2019Activitats d\u2019Oficina i en Serveis Administratius Generals per al curs 2025-2026.<br \/>\nLa preinscripci\u00f3 als programes de formaci\u00f3 i inserci\u00f3 es fa DE MANERA TELEM\u00c0TICA.<br \/>\nJa pots fer la sol\u00b7licitud per la preinscripci\u00f3, clicant <a href=\"https:\/\/preinscripcio.gencat.cat\/ca\/estudis\/pfi\/preinscriute\/sollicitud\/\">aqu\u00ed.<\/a><br \/>\nPer&hellip;  <a href=\"https:\/\/agora.xtec.cat\/iesmontbui\/portada\/inici-preinscripcio-pfi-2025-26\/\" title=\"Read Preinscripci\u00f3 PFI curs 2025-26\">Llegeix m\u00e9s\u00bb<\/a><\/p>\n","protected":false},"author":66,"featured_media":11349,"comment_status":"open","ping_status":"closed","sticky":false,"template":"","format":"standard","meta":{"_bbp_topic_count":0,"_bbp_reply_count":0,"_bbp_total_topic_count":0,"_bbp_total_reply_count":0,"_bbp_voice_count":0,"_bbp_anonymous_reply_count":0,"_bbp_topic_count_hidden":0,"_bbp_reply_count_hidden":0,"_bbp_forum_subforum_count":0,"footnotes":""},"categories":[339,29],"tags":[1307,1308],"class_list":["post-11344","post","type-post","status-publish","format-standard","has-post-thumbnail","hentry","category-pfi","category-portada","tag-inici-preinscripcio-pfi","tag-pfi-2025-26"],"post_mailing_queue_ids":[],"_links":{"self":[{"href":"https:\/\/agora.xtec.cat\/iesmontbui\/wp-json\/wp\/v2\/posts\/11344","targetHints":{"allow":["GET"]}}],"collection":[{"href":"https:\/\/agora.xtec.cat\/iesmontbui\/wp-json\/wp\/v2\/posts"}],"about":[{"href":"https:\/\/agora.xtec.cat\/iesmontbui\/wp-json\/wp\/v2\/types\/post"}],"author":[{"embeddable":true,"href":"https:\/\/agora.xtec.cat\/iesmontbui\/wp-json\/wp\/v2\/users\/66"}],"replies":[{"embeddable":true,"href":"https:\/\/agora.xtec.cat\/iesmontbui\/wp-json\/wp\/v2\/comments?post=11344"}],"version-history":[{"count":3,"href":"https:\/\/agora.xtec.cat\/iesmontbui\/wp-json\/wp\/v2\/posts\/11344\/revisions"}],"predecessor-version":[{"id":11348,"href":"https:\/\/agora.xtec.cat\/iesmontbui\/wp-json\/wp\/v2\/posts\/11344\/revisions\/11348"}],"wp:featuredmedia":[{"embeddable":true,"href":"https:\/\/agora.xtec.cat\/iesmontbui\/wp-json\/wp\/v2\/media\/11349"}],"wp:attachment":[{"href":"https:\/\/agora.xtec.cat\/iesmontbui\/wp-json\/wp\/v2\/media?parent=11344"}],"wp:term":[{"taxonomy":"category","embeddable":true,"href":"https:\/\/agora.xtec.cat\/iesmontbui\/wp-json\/wp\/v2\/categories?post=11344"},{"taxonomy":"post_tag","embeddable":true,"href":"https:\/\/agora.xtec.cat\/iesmontbui\/wp-json\/wp\/v2\/tags?post=11344"}],"curies":[{"name":"wp","href":"https:\/\/api.w.org\/{rel}","templated":true}]}}