{"id":11315,"date":"2025-04-28T11:51:07","date_gmt":"2025-04-28T09:51:07","guid":{"rendered":"https:\/\/agora.xtec.cat\/iesmontbui\/?p=11315"},"modified":"2025-04-28T12:02:02","modified_gmt":"2025-04-28T10:02:02","slug":"el-cadet-masculi-de-futsal-a-la-final-intercomarcal","status":"publish","type":"post","link":"https:\/\/agora.xtec.cat\/iesmontbui\/portada\/el-cadet-masculi-de-futsal-a-la-final-intercomarcal\/","title":{"rendered":"El cadet mascul\u00ed de Futsal obt\u00e9 el 3r lloc en la lliga intercomarcal"},"content":{"rendered":"<p><a href=\"https:\/\/agora.xtec.cat\/iesmontbui\/wp-content\/uploads\/usu145\/2025\/04\/WhatsApp-Image-2025-04-27-at-14.24.18-1-e1745833799564.jpeg\"><img loading=\"lazy\" decoding=\"async\" class=\"alignright size-medium wp-image-11316\" src=\"https:\/\/agora.xtec.cat\/iesmontbui\/wp-content\/uploads\/usu145\/2025\/04\/WhatsApp-Image-2025-04-27-at-14.24.18-1-e1745833799564-300x146.jpeg\" alt=\"\" width=\"300\" height=\"146\" srcset=\"https:\/\/agora.xtec.cat\/iesmontbui\/wp-content\/uploads\/usu145\/2025\/04\/WhatsApp-Image-2025-04-27-at-14.24.18-1-e1745833799564-300x146.jpeg 300w, https:\/\/agora.xtec.cat\/iesmontbui\/wp-content\/uploads\/usu145\/2025\/04\/WhatsApp-Image-2025-04-27-at-14.24.18-1-e1745833799564-1024x500.jpeg 1024w, https:\/\/agora.xtec.cat\/iesmontbui\/wp-content\/uploads\/usu145\/2025\/04\/WhatsApp-Image-2025-04-27-at-14.24.18-1-e1745833799564-768x375.jpeg 768w, https:\/\/agora.xtec.cat\/iesmontbui\/wp-content\/uploads\/usu145\/2025\/04\/WhatsApp-Image-2025-04-27-at-14.24.18-1-e1745833799564.jpeg 1536w\" sizes=\"auto, (max-width: 300px) 100vw, 300px\" \/><\/a>El conjunt cadet mascul\u00ed de futbol sala de l&#8217;INS Montbui ha ha finalitzat en la <a href=\"https:\/\/ceanoia.playoffinformatica.com\/CompeticioClassificacioWeb.php?accio=accio_competicio_publica_resultats&amp;idGrup=355&amp;idTemporada=9\">tercera posici\u00f3 amb 31 punts<\/a> en el\u00a0 campionat intercomarcal que organitza el Consell Esportiu de l&#8217;Anoia.<\/p>\n<p>L&#8217;equip montbuienc ha pogut disputar la fase intercomarcal de la competici\u00f3 despr\u00e9s del seu bon paper a la lliga escolar. La resta d&#8217;equips cadet de la fase intercomarcal han estat l&#8217;EEM Els Monjos i el Futbol Sala Piera.<\/p>\n<p>En la mateixa lligueta intercomarcal tamb\u00e9 hi ha pres part la categoria<strong> infantil<\/strong> de l&#8217;INS Montbui, que ha tancat la competici\u00f3 amb 16 punts. La resta d&#8217;equips d&#8217;infantil s\u00f3n l&#8217;Instituci\u00f3 Igualada, l&#8217;IES Vilafranca, el Futsal NeedSports i l&#8217;AEE Pla de les Moreres.<\/p>\n","protected":false},"excerpt":{"rendered":"<p><a href=\"https:\/\/agora.xtec.cat\/iesmontbui\/wp-content\/uploads\/usu145\/2025\/04\/WhatsApp-Image-2025-04-27-at-14.24.18-1-e1745833799564.jpeg\"><\/a>El conjunt cadet mascul\u00ed de futbol sala de l&#8217;INS Montbui ha ha finalitzat en la <a href=\"https:\/\/ceanoia.playoffinformatica.com\/CompeticioClassificacioWeb.php?accio=accio_competicio_publica_resultats&amp;idGrup=355&amp;idTemporada=9\">tercera posici\u00f3 amb 31 punts<\/a> en el\u00a0 campionat intercomarcal que organitza el Consell Esportiu de l&#8217;Anoia.<br \/>\nL&#8217;equip montbuienc ha pogut disputar la fase intercomarcal de la competici\u00f3 despr\u00e9s del&hellip;  <a href=\"https:\/\/agora.xtec.cat\/iesmontbui\/portada\/el-cadet-masculi-de-futsal-a-la-final-intercomarcal\/\" title=\"Read El cadet mascul\u00ed de Futsal obt\u00e9 el 3r lloc en la lliga intercomarcal\">Llegeix m\u00e9s\u00bb<\/a><\/p>\n","protected":false},"author":66,"featured_media":11316,"comment_status":"open","ping_status":"closed","sticky":false,"template":"","format":"standard","meta":{"_bbp_topic_count":0,"_bbp_reply_count":0,"_bbp_total_topic_count":0,"_bbp_total_reply_count":0,"_bbp_voice_count":0,"_bbp_anonymous_reply_count":0,"_bbp_topic_count_hidden":0,"_bbp_reply_count_hidden":0,"_bbp_forum_subforum_count":0,"footnotes":""},"categories":[29],"tags":[1297,750,409,1296,407,411],"class_list":["post-11315","post","type-post","status-publish","format-standard","has-post-thumbnail","hentry","category-portada","tag-cadet-futbol-sala","tag-campionat-comarcal-futbol-sala","tag-consell-esportiu-anoia","tag-final-intercomarcal-futbol-sala","tag-futbol-sala","tag-infantil-futbol-sala"],"post_mailing_queue_ids":[],"_links":{"self":[{"href":"https:\/\/agora.xtec.cat\/iesmontbui\/wp-json\/wp\/v2\/posts\/11315","targetHints":{"allow":["GET"]}}],"collection":[{"href":"https:\/\/agora.xtec.cat\/iesmontbui\/wp-json\/wp\/v2\/posts"}],"about":[{"href":"https:\/\/agora.xtec.cat\/iesmontbui\/wp-json\/wp\/v2\/types\/post"}],"author":[{"embeddable":true,"href":"https:\/\/agora.xtec.cat\/iesmontbui\/wp-json\/wp\/v2\/users\/66"}],"replies":[{"embeddable":true,"href":"https:\/\/agora.xtec.cat\/iesmontbui\/wp-json\/wp\/v2\/comments?post=11315"}],"version-history":[{"count":4,"href":"https:\/\/agora.xtec.cat\/iesmontbui\/wp-json\/wp\/v2\/posts\/11315\/revisions"}],"predecessor-version":[{"id":11320,"href":"https:\/\/agora.xtec.cat\/iesmontbui\/wp-json\/wp\/v2\/posts\/11315\/revisions\/11320"}],"wp:featuredmedia":[{"embeddable":true,"href":"https:\/\/agora.xtec.cat\/iesmontbui\/wp-json\/wp\/v2\/media\/11316"}],"wp:attachment":[{"href":"https:\/\/agora.xtec.cat\/iesmontbui\/wp-json\/wp\/v2\/media?parent=11315"}],"wp:term":[{"taxonomy":"category","embeddable":true,"href":"https:\/\/agora.xtec.cat\/iesmontbui\/wp-json\/wp\/v2\/categories?post=11315"},{"taxonomy":"post_tag","embeddable":true,"href":"https:\/\/agora.xtec.cat\/iesmontbui\/wp-json\/wp\/v2\/tags?post=11315"}],"curies":[{"name":"wp","href":"https:\/\/api.w.org\/{rel}","templated":true}]}}