{"id":11255,"date":"2025-04-09T19:13:35","date_gmt":"2025-04-09T17:13:35","guid":{"rendered":"https:\/\/agora.xtec.cat\/iesmontbui\/?p=11255"},"modified":"2025-04-09T19:13:44","modified_gmt":"2025-04-09T17:13:44","slug":"sortida-cosmocaixa-2n-deso-29-i-30-04","status":"publish","type":"post","link":"https:\/\/agora.xtec.cat\/iesmontbui\/eso\/eso-2\/sortida-cosmocaixa-2n-deso-29-i-30-04\/","title":{"rendered":"Sortida CosmoCaixa (2n d&#8217;ESO, 29 i 30\/04)"},"content":{"rendered":"<p>El proper dimarts 29 i dimecres 30 d&#8217;abril l&#8217;alumnat de segon d&#8217;ESO es despla\u00e7ar\u00e0 al CosmoCaixa de Barcelona per dur a terme una activitat curricular de la mat\u00e8ria de<strong> F\u00edsica i Qu\u00edmica. <\/strong>El dimarts ho faran els grups A, B i C, i dimecres, el D i E.<\/p>\n<p>Es sortir\u00e0 a les 07.45 h de davant de l\u2019institut i es tornar\u00e0 aproximadament a les 14.45 hores.<\/p>\n<p>Programa de l\u2019activitat:<\/p>\n<p><strong>\u25cf Taller de materials sorprenents.<\/strong><br \/>\n<strong>\u25cf Taller de so i ac\u00fastica.<\/strong><\/p>\n<p>Cal portar esmorzar.<\/p>\n<p>El preu de la sortida \u00e9s de 12 euros (No s\u2019accepten pagaments en efectiu).<\/p>\n<p>El concepte per fer el pagament\u00a0 \u00e9s \u201dCOSMOCAIXA 2on ESO\u201di la data m\u00e0xima per fer-lo \u00e9s el dia 09 d\u2019Abril del 2025.\u00a0 <a href=\"https:\/\/www16.atutoria.com\/tpvol\/imtbui\/\">https:\/\/www16.atutoria.com\/tpvol\/imtbui\/<\/a><\/p>\n<p>L\u2019activitat \u00e9s gratu\u00efta pels alumnes que tenen motxilla escolar.<\/p>\n<p>IMPORTANT: Cal tenir en compte que, en cas de no assistir a una sortida, el centre no retornar\u00e0 els diners del transport, si n&#8217;hi ha, ja que el preu \u00e9s calculat i ajustat al nombre d&#8217;alumnat inscrit. Si el preu de les activitats, entrades, etc. s&#8217;abona en el moment de realitzar-se en funci\u00f3 del nombre de participants, aquesta part es podr\u00e0 retornar, per\u00f2 no si ha<br \/>\nhagut de pagar-se amb antelaci\u00f3.<\/p>\n<p>Una part d\u2019aquesta activitat \u00e9s finan\u00e7ada pel programa del Ministerio de Educaci\u00f3n y Formaci\u00f3n Professional, pel Departament d\u2019educaci\u00f3 i Formaci\u00f3 Professional de la Generalitat de Catalunya i pels Fons Social Europeu de la Uni\u00f3 Europea .<\/p>\n<p>Foto portada: https:\/\/www.arquitecturaydiseno.es\/estilo-de-vida\/sala-permanente-cosmocaixa-se-renueva_4311<\/p>\n","protected":false},"excerpt":{"rendered":"<p>El proper dimarts 29 i dimecres 30 d&#8217;abril l&#8217;alumnat de segon d&#8217;ESO es despla\u00e7ar\u00e0 al CosmoCaixa de Barcelona per dur a terme una activitat curricular de la mat\u00e8ria de F\u00edsica i Qu\u00edmica. El dimarts ho faran els grups A, B i C, i dimecres, el&hellip;  <a href=\"https:\/\/agora.xtec.cat\/iesmontbui\/eso\/eso-2\/sortida-cosmocaixa-2n-deso-29-i-30-04\/\" title=\"Read Sortida CosmoCaixa (2n d&#8217;ESO, 29 i 30\/04)\">Llegeix m\u00e9s\u00bb<\/a><\/p>\n","protected":false},"author":66,"featured_media":11256,"comment_status":"open","ping_status":"closed","sticky":false,"template":"","format":"standard","meta":{"_bbp_topic_count":0,"_bbp_reply_count":0,"_bbp_total_topic_count":0,"_bbp_total_reply_count":0,"_bbp_voice_count":0,"_bbp_anonymous_reply_count":0,"_bbp_topic_count_hidden":0,"_bbp_reply_count_hidden":0,"_bbp_forum_subforum_count":0,"footnotes":""},"categories":[113,120,5,29],"tags":[715,1262],"class_list":["post-11255","post","type-post","status-publish","format-standard","has-post-thumbnail","hentry","category-comunicats2","category-depciencies","category-eso-2","category-portada","tag-cosmocaixa","tag-sortida-cosmocaixa"],"post_mailing_queue_ids":[],"_links":{"self":[{"href":"https:\/\/agora.xtec.cat\/iesmontbui\/wp-json\/wp\/v2\/posts\/11255","targetHints":{"allow":["GET"]}}],"collection":[{"href":"https:\/\/agora.xtec.cat\/iesmontbui\/wp-json\/wp\/v2\/posts"}],"about":[{"href":"https:\/\/agora.xtec.cat\/iesmontbui\/wp-json\/wp\/v2\/types\/post"}],"author":[{"embeddable":true,"href":"https:\/\/agora.xtec.cat\/iesmontbui\/wp-json\/wp\/v2\/users\/66"}],"replies":[{"embeddable":true,"href":"https:\/\/agora.xtec.cat\/iesmontbui\/wp-json\/wp\/v2\/comments?post=11255"}],"version-history":[{"count":1,"href":"https:\/\/agora.xtec.cat\/iesmontbui\/wp-json\/wp\/v2\/posts\/11255\/revisions"}],"predecessor-version":[{"id":11257,"href":"https:\/\/agora.xtec.cat\/iesmontbui\/wp-json\/wp\/v2\/posts\/11255\/revisions\/11257"}],"wp:featuredmedia":[{"embeddable":true,"href":"https:\/\/agora.xtec.cat\/iesmontbui\/wp-json\/wp\/v2\/media\/11256"}],"wp:attachment":[{"href":"https:\/\/agora.xtec.cat\/iesmontbui\/wp-json\/wp\/v2\/media?parent=11255"}],"wp:term":[{"taxonomy":"category","embeddable":true,"href":"https:\/\/agora.xtec.cat\/iesmontbui\/wp-json\/wp\/v2\/categories?post=11255"},{"taxonomy":"post_tag","embeddable":true,"href":"https:\/\/agora.xtec.cat\/iesmontbui\/wp-json\/wp\/v2\/tags?post=11255"}],"curies":[{"name":"wp","href":"https:\/\/api.w.org\/{rel}","templated":true}]}}