{"id":11251,"date":"2025-04-09T18:31:42","date_gmt":"2025-04-09T16:31:42","guid":{"rendered":"https:\/\/agora.xtec.cat\/iesmontbui\/?p=11251"},"modified":"2025-04-10T11:52:31","modified_gmt":"2025-04-10T09:52:31","slug":"el-dilema-etic-del-semafor","status":"publish","type":"post","link":"https:\/\/agora.xtec.cat\/iesmontbui\/portada\/el-dilema-etic-del-semafor\/","title":{"rendered":"TdR, tenim un dilema"},"content":{"rendered":"<p><a href=\"https:\/\/agora.xtec.cat\/iesmontbui\/wp-content\/uploads\/usu145\/2025\/04\/WhatsApp-Image-2025-04-09-at-09.42.44-e1744216268123.jpeg\"><img loading=\"lazy\" decoding=\"async\" class=\"alignright size-medium wp-image-11252\" src=\"https:\/\/agora.xtec.cat\/iesmontbui\/wp-content\/uploads\/usu145\/2025\/04\/WhatsApp-Image-2025-04-09-at-09.42.44-e1744216268123-300x146.jpeg\" alt=\"\" width=\"300\" height=\"146\" srcset=\"https:\/\/agora.xtec.cat\/iesmontbui\/wp-content\/uploads\/usu145\/2025\/04\/WhatsApp-Image-2025-04-09-at-09.42.44-e1744216268123-300x146.jpeg 300w, https:\/\/agora.xtec.cat\/iesmontbui\/wp-content\/uploads\/usu145\/2025\/04\/WhatsApp-Image-2025-04-09-at-09.42.44-e1744216268123-1024x497.jpeg 1024w, https:\/\/agora.xtec.cat\/iesmontbui\/wp-content\/uploads\/usu145\/2025\/04\/WhatsApp-Image-2025-04-09-at-09.42.44-e1744216268123-768x372.jpeg 768w, https:\/\/agora.xtec.cat\/iesmontbui\/wp-content\/uploads\/usu145\/2025\/04\/WhatsApp-Image-2025-04-09-at-09.42.44-e1744216268123-1536x745.jpeg 1536w, https:\/\/agora.xtec.cat\/iesmontbui\/wp-content\/uploads\/usu145\/2025\/04\/WhatsApp-Image-2025-04-09-at-09.42.44-e1744216268123.jpeg 1600w\" sizes=\"auto, (max-width: 300px) 100vw, 300px\" \/><\/a><\/p>\n<p>L&#8217;alumnat de<strong> primer de Batxillerat<\/strong> ha participat aquest dimecres en el taller <a href=\"https:\/\/recercapau.org\/investigar\/calendari\/taller-detica-en-la-recerca\/\">L&#8217;\u00e8tica en la recerca,<\/a> que ha dut a terme la Fundaci\u00f3 Solidaritat UB a trav\u00e9s de l&#8217;espai <a href=\"https:\/\/recercapau.org\/\">Recerca i Pau<\/a>. Aquest taller planteja a l\u2019alumnat <strong>situacions inspirades en casos reals de recerca perqu\u00e8 desenvolupi criteris de treball basats en valors de drets humans. <\/strong><\/p>\n<p>Durant l&#8217;activitat, l&#8217;alumnat ha adoptat el rol d\u2019un\/a docent i se&#8217;ls ha presentat una situaci\u00f3 amb la que es troben durant la tutoria del treball de recerca. Per exemple: <strong>&#8220;L&#8217;estudiant est\u00e0 copiant informaci\u00f3 pel seu marc te\u00f2ric&#8221; <\/strong>o <strong>&#8220;L&#8217;estudiant vol experimentar amb subst\u00e0ncies t\u00f2xiques&#8221;.\u00a0<\/strong>Cadasc\u00fa ha expressat per mitj\u00e0 de targes de color la seva primera reacci\u00f3 davant la situaci\u00f3. Com en un sem\u00e0for, aixecar la tarja verda expressava \u201cendavant\u201d; la groga, \u201cprecauci\u00f3\u201d; i la vermella, \u201catura\u2019t\u201d.<\/p>\n<p>&#8220;Aquest curs seguim treballant amb ll UB, a grans trets, perqu\u00e8 el TdR contribueixi al desplegament curricular de l&#8217;educaci\u00f3 en drets humans i ciutadania, i que estigui m\u00e9s connectat a l&#8217;entorn i a continguts d&#8217;altres mat\u00e8ries&#8221;, exposen des del Departament d&#8217;Humanitats.<\/p>\n<p>Podeu veure un recull d&#8217;imatges del taller a l&#8217;Instagram.<\/p>\n","protected":false},"excerpt":{"rendered":"<p><a href=\"https:\/\/agora.xtec.cat\/iesmontbui\/wp-content\/uploads\/usu145\/2025\/04\/WhatsApp-Image-2025-04-09-at-09.42.44-e1744216268123.jpeg\"><\/a><br \/>\nL&#8217;alumnat de primer de Batxillerat ha participat aquest dimecres en el taller <a href=\"https:\/\/recercapau.org\/investigar\/calendari\/taller-detica-en-la-recerca\/\">L&#8217;\u00e8tica en la recerca,<\/a> que ha dut a terme la Fundaci\u00f3 Solidaritat UB a trav\u00e9s de l&#8217;espai <a href=\"https:\/\/recercapau.org\/\">Recerca i Pau<\/a>. Aquest taller planteja a l\u2019alumnat situacions inspirades en casos reals&hellip;  <a href=\"https:\/\/agora.xtec.cat\/iesmontbui\/portada\/el-dilema-etic-del-semafor\/\" title=\"Read TdR, tenim un dilema\">Llegeix m\u00e9s\u00bb<\/a><\/p>\n","protected":false},"author":66,"featured_media":11252,"comment_status":"open","ping_status":"closed","sticky":false,"template":"","format":"standard","meta":{"_bbp_topic_count":0,"_bbp_reply_count":0,"_bbp_total_topic_count":0,"_bbp_total_reply_count":0,"_bbp_voice_count":0,"_bbp_anonymous_reply_count":0,"_bbp_topic_count_hidden":0,"_bbp_reply_count_hidden":0,"_bbp_forum_subforum_count":0,"footnotes":""},"categories":[67,126,29,903],"tags":[1261,1259,1111,1260],"class_list":["post-11251","post","type-post","status-publish","format-standard","has-post-thumbnail","hentry","category-batx-1","category-dephumanitats","category-portada","category-treballs-de-recerca","tag-drets-humans","tag-etica-recerca","tag-fundacio-solidaritat-ub","tag-taller-etica-recerca"],"post_mailing_queue_ids":[],"_links":{"self":[{"href":"https:\/\/agora.xtec.cat\/iesmontbui\/wp-json\/wp\/v2\/posts\/11251","targetHints":{"allow":["GET"]}}],"collection":[{"href":"https:\/\/agora.xtec.cat\/iesmontbui\/wp-json\/wp\/v2\/posts"}],"about":[{"href":"https:\/\/agora.xtec.cat\/iesmontbui\/wp-json\/wp\/v2\/types\/post"}],"author":[{"embeddable":true,"href":"https:\/\/agora.xtec.cat\/iesmontbui\/wp-json\/wp\/v2\/users\/66"}],"replies":[{"embeddable":true,"href":"https:\/\/agora.xtec.cat\/iesmontbui\/wp-json\/wp\/v2\/comments?post=11251"}],"version-history":[{"count":3,"href":"https:\/\/agora.xtec.cat\/iesmontbui\/wp-json\/wp\/v2\/posts\/11251\/revisions"}],"predecessor-version":[{"id":11267,"href":"https:\/\/agora.xtec.cat\/iesmontbui\/wp-json\/wp\/v2\/posts\/11251\/revisions\/11267"}],"wp:featuredmedia":[{"embeddable":true,"href":"https:\/\/agora.xtec.cat\/iesmontbui\/wp-json\/wp\/v2\/media\/11252"}],"wp:attachment":[{"href":"https:\/\/agora.xtec.cat\/iesmontbui\/wp-json\/wp\/v2\/media?parent=11251"}],"wp:term":[{"taxonomy":"category","embeddable":true,"href":"https:\/\/agora.xtec.cat\/iesmontbui\/wp-json\/wp\/v2\/categories?post=11251"},{"taxonomy":"post_tag","embeddable":true,"href":"https:\/\/agora.xtec.cat\/iesmontbui\/wp-json\/wp\/v2\/tags?post=11251"}],"curies":[{"name":"wp","href":"https:\/\/api.w.org\/{rel}","templated":true}]}}