{"id":11240,"date":"2025-04-08T17:02:33","date_gmt":"2025-04-08T15:02:33","guid":{"rendered":"https:\/\/agora.xtec.cat\/iesmontbui\/?p=11240"},"modified":"2025-04-08T17:05:16","modified_gmt":"2025-04-08T15:05:16","slug":"egipte-i-mesopotamia-a-traves-dels-objectes","status":"publish","type":"post","link":"https:\/\/agora.xtec.cat\/iesmontbui\/portada\/egipte-i-mesopotamia-a-traves-dels-objectes\/","title":{"rendered":"Egipte i Mesopot\u00e0mia a trav\u00e9s dels objectes"},"content":{"rendered":"<p>L&#8217;alumnat de segon de Batxillerat d&#8217;Hist\u00f2ria de l&#8217;art van dur a terme ahir dilluns, 7 d&#8217;abril, una classe ben diferent per dos motius: un perqu\u00e8 la van dur a terme fora de l&#8217;aula i l&#8217;altra perqu\u00e8 mitjan\u00e7ant diferents objectes es van endinsar dins de les<strong> primeres civilitzacions:<\/strong> Egipte i Mesopot\u00e0mia.<\/p>\n<p>D&#8217;aquesta manera, van analitzar les seves principals manifestacions art\u00edstiques; les dues obres que aquest any per primer cop entren a les PAU, <strong>les pir\u00e0mides de Guiza i el Fris de Meidum de la mastaba de Nefermaat.<\/strong><\/p>\n<p>&nbsp;<\/p>\n","protected":false},"excerpt":{"rendered":"<p>L&#8217;alumnat de segon de Batxillerat d&#8217;Hist\u00f2ria de l&#8217;art van dur a terme ahir dilluns, 7 d&#8217;abril, una classe ben diferent per dos motius: un perqu\u00e8 la van dur a terme fora de l&#8217;aula i l&#8217;altra perqu\u00e8 mitjan\u00e7ant diferents objectes es van endinsar dins de les&hellip;  <a href=\"https:\/\/agora.xtec.cat\/iesmontbui\/portada\/egipte-i-mesopotamia-a-traves-dels-objectes\/\" title=\"Read Egipte i Mesopot\u00e0mia a trav\u00e9s dels objectes\">Llegeix m\u00e9s\u00bb<\/a><\/p>\n","protected":false},"author":66,"featured_media":11241,"comment_status":"open","ping_status":"closed","sticky":false,"template":"","format":"standard","meta":{"_bbp_topic_count":0,"_bbp_reply_count":0,"_bbp_total_topic_count":0,"_bbp_total_reply_count":0,"_bbp_voice_count":0,"_bbp_anonymous_reply_count":0,"_bbp_topic_count_hidden":0,"_bbp_reply_count_hidden":0,"_bbp_forum_subforum_count":0,"footnotes":""},"categories":[68,126,29],"tags":[1254,1073,1255],"class_list":["post-11240","post","type-post","status-publish","format-standard","has-post-thumbnail","hentry","category-batx-2","category-dephumanitats","category-portada","tag-egipte","tag-historia-de-lart","tag-mesopotamia"],"post_mailing_queue_ids":[],"_links":{"self":[{"href":"https:\/\/agora.xtec.cat\/iesmontbui\/wp-json\/wp\/v2\/posts\/11240","targetHints":{"allow":["GET"]}}],"collection":[{"href":"https:\/\/agora.xtec.cat\/iesmontbui\/wp-json\/wp\/v2\/posts"}],"about":[{"href":"https:\/\/agora.xtec.cat\/iesmontbui\/wp-json\/wp\/v2\/types\/post"}],"author":[{"embeddable":true,"href":"https:\/\/agora.xtec.cat\/iesmontbui\/wp-json\/wp\/v2\/users\/66"}],"replies":[{"embeddable":true,"href":"https:\/\/agora.xtec.cat\/iesmontbui\/wp-json\/wp\/v2\/comments?post=11240"}],"version-history":[{"count":2,"href":"https:\/\/agora.xtec.cat\/iesmontbui\/wp-json\/wp\/v2\/posts\/11240\/revisions"}],"predecessor-version":[{"id":11243,"href":"https:\/\/agora.xtec.cat\/iesmontbui\/wp-json\/wp\/v2\/posts\/11240\/revisions\/11243"}],"wp:featuredmedia":[{"embeddable":true,"href":"https:\/\/agora.xtec.cat\/iesmontbui\/wp-json\/wp\/v2\/media\/11241"}],"wp:attachment":[{"href":"https:\/\/agora.xtec.cat\/iesmontbui\/wp-json\/wp\/v2\/media?parent=11240"}],"wp:term":[{"taxonomy":"category","embeddable":true,"href":"https:\/\/agora.xtec.cat\/iesmontbui\/wp-json\/wp\/v2\/categories?post=11240"},{"taxonomy":"post_tag","embeddable":true,"href":"https:\/\/agora.xtec.cat\/iesmontbui\/wp-json\/wp\/v2\/tags?post=11240"}],"curies":[{"name":"wp","href":"https:\/\/api.w.org\/{rel}","templated":true}]}}