{"id":11176,"date":"2025-03-31T15:10:57","date_gmt":"2025-03-31T13:10:57","guid":{"rendered":"https:\/\/agora.xtec.cat\/iesmontbui\/?p=11176"},"modified":"2025-03-31T19:55:35","modified_gmt":"2025-03-31T17:55:35","slug":"silencio-silencio-he-dicho","status":"publish","type":"post","link":"https:\/\/agora.xtec.cat\/iesmontbui\/eso\/eso-4\/silencio-silencio-he-dicho\/","title":{"rendered":"\u00a1Silencio, silencio he dicho!"},"content":{"rendered":"<p><a href=\"https:\/\/agora.xtec.cat\/iesmontbui\/wp-content\/uploads\/usu145\/2025\/03\/IMG_3166-1-scaled.jpg\"><img loading=\"lazy\" decoding=\"async\" class=\"alignright size-medium wp-image-11179\" src=\"https:\/\/agora.xtec.cat\/iesmontbui\/wp-content\/uploads\/usu145\/2025\/03\/IMG_3166-1-300x225.jpg\" alt=\"\" width=\"300\" height=\"225\" srcset=\"https:\/\/agora.xtec.cat\/iesmontbui\/wp-content\/uploads\/usu145\/2025\/03\/IMG_3166-1-300x225.jpg 300w, https:\/\/agora.xtec.cat\/iesmontbui\/wp-content\/uploads\/usu145\/2025\/03\/IMG_3166-1-1024x768.jpg 1024w, https:\/\/agora.xtec.cat\/iesmontbui\/wp-content\/uploads\/usu145\/2025\/03\/IMG_3166-1-768x576.jpg 768w, https:\/\/agora.xtec.cat\/iesmontbui\/wp-content\/uploads\/usu145\/2025\/03\/IMG_3166-1-1536x1152.jpg 1536w, https:\/\/agora.xtec.cat\/iesmontbui\/wp-content\/uploads\/usu145\/2025\/03\/IMG_3166-1-2048x1536.jpg 2048w, https:\/\/agora.xtec.cat\/iesmontbui\/wp-content\/uploads\/usu145\/2025\/03\/IMG_3166-1-200x150.jpg 200w\" sizes=\"auto, (max-width: 300px) 100vw, 300px\" \/><\/a><\/p>\n<p>L&#8217;alumnat de quart d&#8217;ESO ha assistit aquest dilluns, 31 de mar\u00e7, al Casal Sant Pere de Terrassa per veure l&#8217;obra de teatre &#8216;La Casa de Bernarda Alba&#8217;, en el marc de la mat\u00e8ria de <strong>Llengua Castellana i Literatura.<\/strong><\/p>\n<p>Una activitat que han dut a terme despr\u00e9s d&#8217;haver llegit el llibre a classe en les darreres setmanes i realitzar un treball en qu\u00e8 reflexionen cr\u00edticament sobre els temes que marquen el cl\u00e0ssic de <strong>Lorca,<\/strong> a trav\u00e9s d&#8217;un v\u00eddeo, podcast o un mural. I \u00e9s que com b\u00e9 han recordat les quatre actrius en el col\u00b7loqui posterior, l&#8217;obra segueix tenint plena vig\u00e8ncia ja que es plantegen temes com la llibertat, el paper de la dona o la repressi\u00f3.<\/p>\n<p>Posteriorment, l&#8217;alumnat ha fet un recorregut per la ciutat amb l&#8217;objectiu de completar un dossier en el qual havien de contestar preguntes sobre aspectes relacionats amb els principals <strong>elements modernistes <\/strong>del centre de Terrassa.<\/p>\n<p>Podeu veure m\u00e9s imatges de la sortida a l&#8217;Instagram.<\/p>\n","protected":false},"excerpt":{"rendered":"<p><a href=\"https:\/\/agora.xtec.cat\/iesmontbui\/wp-content\/uploads\/usu145\/2025\/03\/IMG_3166-1-scaled.jpg\"><\/a><br \/>\nL&#8217;alumnat de quart d&#8217;ESO ha assistit aquest dilluns, 31 de mar\u00e7, al Casal Sant Pere de Terrassa per veure l&#8217;obra de teatre &#8216;La Casa de Bernarda Alba&#8217;, en el marc de la mat\u00e8ria de Llengua Castellana i Literatura.<br \/>\nUna activitat que han dut a terme&hellip;  <a href=\"https:\/\/agora.xtec.cat\/iesmontbui\/eso\/eso-4\/silencio-silencio-he-dicho\/\" title=\"Read \u00a1Silencio, silencio he dicho!\">Llegeix m\u00e9s\u00bb<\/a><\/p>\n","protected":false},"author":66,"featured_media":11177,"comment_status":"open","ping_status":"closed","sticky":false,"template":"","format":"standard","meta":{"_bbp_topic_count":0,"_bbp_reply_count":0,"_bbp_total_topic_count":0,"_bbp_total_reply_count":0,"_bbp_voice_count":0,"_bbp_anonymous_reply_count":0,"_bbp_topic_count_hidden":0,"_bbp_reply_count_hidden":0,"_bbp_forum_subforum_count":0,"footnotes":""},"categories":[126,125,7,29],"tags":[1240,522,178,1241,1074,40,1239],"class_list":["post-11176","post","type-post","status-publish","format-standard","has-post-thumbnail","hentry","category-dephumanitats","category-depllengues","category-eso-4","category-portada","tag-casal-sant-pere","tag-la-casa-de-bernarda-alba","tag-literatura","tag-lorca","tag-modernisme","tag-teatre","tag-terrassa"],"post_mailing_queue_ids":[],"_links":{"self":[{"href":"https:\/\/agora.xtec.cat\/iesmontbui\/wp-json\/wp\/v2\/posts\/11176","targetHints":{"allow":["GET"]}}],"collection":[{"href":"https:\/\/agora.xtec.cat\/iesmontbui\/wp-json\/wp\/v2\/posts"}],"about":[{"href":"https:\/\/agora.xtec.cat\/iesmontbui\/wp-json\/wp\/v2\/types\/post"}],"author":[{"embeddable":true,"href":"https:\/\/agora.xtec.cat\/iesmontbui\/wp-json\/wp\/v2\/users\/66"}],"replies":[{"embeddable":true,"href":"https:\/\/agora.xtec.cat\/iesmontbui\/wp-json\/wp\/v2\/comments?post=11176"}],"version-history":[{"count":5,"href":"https:\/\/agora.xtec.cat\/iesmontbui\/wp-json\/wp\/v2\/posts\/11176\/revisions"}],"predecessor-version":[{"id":11202,"href":"https:\/\/agora.xtec.cat\/iesmontbui\/wp-json\/wp\/v2\/posts\/11176\/revisions\/11202"}],"wp:featuredmedia":[{"embeddable":true,"href":"https:\/\/agora.xtec.cat\/iesmontbui\/wp-json\/wp\/v2\/media\/11177"}],"wp:attachment":[{"href":"https:\/\/agora.xtec.cat\/iesmontbui\/wp-json\/wp\/v2\/media?parent=11176"}],"wp:term":[{"taxonomy":"category","embeddable":true,"href":"https:\/\/agora.xtec.cat\/iesmontbui\/wp-json\/wp\/v2\/categories?post=11176"},{"taxonomy":"post_tag","embeddable":true,"href":"https:\/\/agora.xtec.cat\/iesmontbui\/wp-json\/wp\/v2\/tags?post=11176"}],"curies":[{"name":"wp","href":"https:\/\/api.w.org\/{rel}","templated":true}]}}