{"id":11169,"date":"2025-03-28T15:02:33","date_gmt":"2025-03-28T14:02:33","guid":{"rendered":"https:\/\/agora.xtec.cat\/iesmontbui\/?p=11169"},"modified":"2025-03-28T15:02:33","modified_gmt":"2025-03-28T14:02:33","slug":"xerrada-families-quin-cami-triar-01-04","status":"publish","type":"post","link":"https:\/\/agora.xtec.cat\/iesmontbui\/batxillerat\/xerrada-families-quin-cami-triar-01-04\/","title":{"rendered":"Xerrada fam\u00edlies: &#8216;Quin cam\u00ed triar?&#8217; (01\/04)"},"content":{"rendered":"<p><a href=\"https:\/\/agora.xtec.cat\/iesmontbui\/wp-content\/uploads\/usu145\/2025\/03\/Xerrada-orientacio-4t.jpg\"><img loading=\"lazy\" decoding=\"async\" class=\"alignright  wp-image-11170\" src=\"https:\/\/agora.xtec.cat\/iesmontbui\/wp-content\/uploads\/usu145\/2025\/03\/Xerrada-orientacio-4t-300x140.jpg\" alt=\"\" width=\"260\" height=\"127\" \/><\/a><\/p>\n<p>El proper dimarts, 1 d&#8217;abril, tindr\u00e0 lloc una xerrada dirigida a les fam\u00edlies que pret\u00e9n informar sobre els diferents<strong>\u00a0itineraris educatius <\/strong>i donar eines per a qu\u00e8 els pares i mares puguin guiar els seus fills i filles en l&#8217;elecci\u00f3 dels estudis, especialment els que acaben l&#8217;ESO. Tindr\u00e0 lloc a les <strong>18 hores,<\/strong> a l&#8217;Aula d&#8217;Audiovisuals.<\/p>\n<p>A m\u00e9s, la <strong>coordinadora de Batxillerat, Rat Amich i la de 4t d&#8217;ESO, Nat\u00e0lia Olaya,\u00a0 conjuntament amb l&#8217;equip directiu estaran des de les 17:30 hores a la disposici\u00f3 dels pares i mares que vulguin assessorament<\/strong>\u00a0pels estudis postobligatoris dels seus fills.<\/p>\n","protected":false},"excerpt":{"rendered":"<p><a href=\"https:\/\/agora.xtec.cat\/iesmontbui\/wp-content\/uploads\/usu145\/2025\/03\/Xerrada-orientacio-4t.jpg\"><\/a><br \/>\nEl proper dimarts, 1 d&#8217;abril, tindr\u00e0 lloc una xerrada dirigida a les fam\u00edlies que pret\u00e9n informar sobre els diferents\u00a0itineraris educatius i donar eines per a qu\u00e8 els pares i mares puguin guiar els seus fills i filles en l&#8217;elecci\u00f3 dels estudis, especialment els que&hellip;  <a href=\"https:\/\/agora.xtec.cat\/iesmontbui\/batxillerat\/xerrada-families-quin-cami-triar-01-04\/\" title=\"Read Xerrada fam\u00edlies: &#8216;Quin cam\u00ed triar?&#8217; (01\/04)\">Llegeix m\u00e9s\u00bb<\/a><\/p>\n","protected":false},"author":66,"featured_media":11170,"comment_status":"open","ping_status":"closed","sticky":false,"template":"","format":"standard","meta":{"_bbp_topic_count":0,"_bbp_reply_count":0,"_bbp_total_topic_count":0,"_bbp_total_reply_count":0,"_bbp_voice_count":0,"_bbp_anonymous_reply_count":0,"_bbp_topic_count_hidden":0,"_bbp_reply_count_hidden":0,"_bbp_forum_subforum_count":0,"footnotes":""},"categories":[8,62,339,29],"tags":[1233,1234,1231,1232,44],"class_list":["post-11169","post","type-post","status-publish","format-standard","has-post-thumbnail","hentry","category-batxillerat","category-orgacentre","category-pfi","category-portada","tag-natalia-olaya","tag-rat-amich","tag-xerrada-estudis-postobligatoris","tag-xerrada-families-4-eso","tag-xerrades"],"post_mailing_queue_ids":[],"_links":{"self":[{"href":"https:\/\/agora.xtec.cat\/iesmontbui\/wp-json\/wp\/v2\/posts\/11169","targetHints":{"allow":["GET"]}}],"collection":[{"href":"https:\/\/agora.xtec.cat\/iesmontbui\/wp-json\/wp\/v2\/posts"}],"about":[{"href":"https:\/\/agora.xtec.cat\/iesmontbui\/wp-json\/wp\/v2\/types\/post"}],"author":[{"embeddable":true,"href":"https:\/\/agora.xtec.cat\/iesmontbui\/wp-json\/wp\/v2\/users\/66"}],"replies":[{"embeddable":true,"href":"https:\/\/agora.xtec.cat\/iesmontbui\/wp-json\/wp\/v2\/comments?post=11169"}],"version-history":[{"count":1,"href":"https:\/\/agora.xtec.cat\/iesmontbui\/wp-json\/wp\/v2\/posts\/11169\/revisions"}],"predecessor-version":[{"id":11171,"href":"https:\/\/agora.xtec.cat\/iesmontbui\/wp-json\/wp\/v2\/posts\/11169\/revisions\/11171"}],"wp:featuredmedia":[{"embeddable":true,"href":"https:\/\/agora.xtec.cat\/iesmontbui\/wp-json\/wp\/v2\/media\/11170"}],"wp:attachment":[{"href":"https:\/\/agora.xtec.cat\/iesmontbui\/wp-json\/wp\/v2\/media?parent=11169"}],"wp:term":[{"taxonomy":"category","embeddable":true,"href":"https:\/\/agora.xtec.cat\/iesmontbui\/wp-json\/wp\/v2\/categories?post=11169"},{"taxonomy":"post_tag","embeddable":true,"href":"https:\/\/agora.xtec.cat\/iesmontbui\/wp-json\/wp\/v2\/tags?post=11169"}],"curies":[{"name":"wp","href":"https:\/\/api.w.org\/{rel}","templated":true}]}}