{"id":11160,"date":"2025-03-28T10:44:41","date_gmt":"2025-03-28T09:44:41","guid":{"rendered":"https:\/\/agora.xtec.cat\/iesmontbui\/?p=11160"},"modified":"2025-03-28T10:44:41","modified_gmt":"2025-03-28T09:44:41","slug":"gp-ins-montbui-de-cotxes-solars","status":"publish","type":"post","link":"https:\/\/agora.xtec.cat\/iesmontbui\/eso\/eso-2\/gp-ins-montbui-de-cotxes-solars\/","title":{"rendered":"GP INS Montbui&#8230; de Cotxes Solars!"},"content":{"rendered":"<p><a href=\"https:\/\/agora.xtec.cat\/iesmontbui\/wp-content\/uploads\/usu145\/2025\/03\/WhatsApp-Image-2025-03-28-at-09.15.42-1.jpeg\"><img loading=\"lazy\" decoding=\"async\" class=\" wp-image-11162 aligncenter\" src=\"https:\/\/agora.xtec.cat\/iesmontbui\/wp-content\/uploads\/usu145\/2025\/03\/WhatsApp-Image-2025-03-28-at-09.15.42-1-300x294.jpeg\" alt=\"\" width=\"328\" height=\"321\" srcset=\"https:\/\/agora.xtec.cat\/iesmontbui\/wp-content\/uploads\/usu145\/2025\/03\/WhatsApp-Image-2025-03-28-at-09.15.42-1-300x294.jpeg 300w, https:\/\/agora.xtec.cat\/iesmontbui\/wp-content\/uploads\/usu145\/2025\/03\/WhatsApp-Image-2025-03-28-at-09.15.42-1-1024x1002.jpeg 1024w, https:\/\/agora.xtec.cat\/iesmontbui\/wp-content\/uploads\/usu145\/2025\/03\/WhatsApp-Image-2025-03-28-at-09.15.42-1-768x752.jpeg 768w, https:\/\/agora.xtec.cat\/iesmontbui\/wp-content\/uploads\/usu145\/2025\/03\/WhatsApp-Image-2025-03-28-at-09.15.42-1-1536x1504.jpeg 1536w, https:\/\/agora.xtec.cat\/iesmontbui\/wp-content\/uploads\/usu145\/2025\/03\/WhatsApp-Image-2025-03-28-at-09.15.42-1.jpeg 1800w\" sizes=\"auto, (max-width: 328px) 100vw, 328px\" \/><\/a><\/p>\n<p>En el marc de la mat\u00e8ria de<strong> Tecnologia,<\/strong> l\u2019alumnat de segon d\u2019ESO ha desenvolupat un projecte relacionat amb l\u2019<strong>electricitat.<\/strong> Aquest ha consistit en el disseny i la construcci\u00f3 d\u2019un prototip de cotxe solar amb l\u2019objectiu de participar en una competici\u00f3 escolar. Tots els equips han utilitzat els mateixos elements fonamentals \u2014<strong>motor, engranatges i plaques solars<\/strong>\u2014 mentre que el disseny i els materials de la carrosseria han estat de lliure elecci\u00f3 per part de cada grup.<\/p>\n<p>La fase final del projecte ha incl\u00f2s una <strong>cursa en l\u00ednia recta de 20 metres<\/strong>, en la qual s\u2019han seleccionat els dos vehicles m\u00e9s r\u00e0pids de cada grup. Al llarg del mes d\u2019abril es dur\u00e0 a terme la competici\u00f3 final, on es confrontaran els cotxes classificats en una prova amb les mateixes caracter\u00edstiques.<\/p>\n<p>Segons expliquen des del Departament de Tecnologia, &#8220;aquest projecte ha tingut un impacte positiu en l\u2019aprenentatge de l\u2019alumnat, ja que ha perm\u00e8s comprendre els mecanismes que intervenen en el moviment d\u2019un vehicle i analitzar com factors com la intensitat de la llum solar i la inclinaci\u00f3 de les plaques solars influeixen directament en la generaci\u00f3 d\u2019energia el\u00e8ctrica&#8221;.<\/p>\n","protected":false},"excerpt":{"rendered":"<p><a href=\"https:\/\/agora.xtec.cat\/iesmontbui\/wp-content\/uploads\/usu145\/2025\/03\/WhatsApp-Image-2025-03-28-at-09.15.42-1.jpeg\"><\/a><br \/>\nEn el marc de la mat\u00e8ria de Tecnologia, l\u2019alumnat de segon d\u2019ESO ha desenvolupat un projecte relacionat amb l\u2019electricitat. Aquest ha consistit en el disseny i la construcci\u00f3 d\u2019un prototip de cotxe solar amb l\u2019objectiu de participar en una competici\u00f3 escolar. Tots els equips&hellip;  <a href=\"https:\/\/agora.xtec.cat\/iesmontbui\/eso\/eso-2\/gp-ins-montbui-de-cotxes-solars\/\" title=\"Read GP INS Montbui&#8230; de Cotxes Solars!\">Llegeix m\u00e9s\u00bb<\/a><\/p>\n","protected":false},"author":66,"featured_media":11161,"comment_status":"open","ping_status":"closed","sticky":false,"template":"","format":"standard","meta":{"_bbp_topic_count":0,"_bbp_reply_count":0,"_bbp_total_topic_count":0,"_bbp_total_reply_count":0,"_bbp_voice_count":0,"_bbp_anonymous_reply_count":0,"_bbp_topic_count_hidden":0,"_bbp_reply_count_hidden":0,"_bbp_forum_subforum_count":0,"footnotes":""},"categories":[122,5,29],"tags":[1228,1229,1227,136],"class_list":["post-11160","post","type-post","status-publish","format-standard","has-post-thumbnail","hentry","category-deptecno","category-eso-2","category-portada","tag-cotxes-solars","tag-cursa-cotxes-solars","tag-electricitat","tag-tecnologia"],"post_mailing_queue_ids":[],"_links":{"self":[{"href":"https:\/\/agora.xtec.cat\/iesmontbui\/wp-json\/wp\/v2\/posts\/11160","targetHints":{"allow":["GET"]}}],"collection":[{"href":"https:\/\/agora.xtec.cat\/iesmontbui\/wp-json\/wp\/v2\/posts"}],"about":[{"href":"https:\/\/agora.xtec.cat\/iesmontbui\/wp-json\/wp\/v2\/types\/post"}],"author":[{"embeddable":true,"href":"https:\/\/agora.xtec.cat\/iesmontbui\/wp-json\/wp\/v2\/users\/66"}],"replies":[{"embeddable":true,"href":"https:\/\/agora.xtec.cat\/iesmontbui\/wp-json\/wp\/v2\/comments?post=11160"}],"version-history":[{"count":1,"href":"https:\/\/agora.xtec.cat\/iesmontbui\/wp-json\/wp\/v2\/posts\/11160\/revisions"}],"predecessor-version":[{"id":11163,"href":"https:\/\/agora.xtec.cat\/iesmontbui\/wp-json\/wp\/v2\/posts\/11160\/revisions\/11163"}],"wp:featuredmedia":[{"embeddable":true,"href":"https:\/\/agora.xtec.cat\/iesmontbui\/wp-json\/wp\/v2\/media\/11161"}],"wp:attachment":[{"href":"https:\/\/agora.xtec.cat\/iesmontbui\/wp-json\/wp\/v2\/media?parent=11160"}],"wp:term":[{"taxonomy":"category","embeddable":true,"href":"https:\/\/agora.xtec.cat\/iesmontbui\/wp-json\/wp\/v2\/categories?post=11160"},{"taxonomy":"post_tag","embeddable":true,"href":"https:\/\/agora.xtec.cat\/iesmontbui\/wp-json\/wp\/v2\/tags?post=11160"}],"curies":[{"name":"wp","href":"https:\/\/api.w.org\/{rel}","templated":true}]}}