{"id":11143,"date":"2025-03-27T14:28:47","date_gmt":"2025-03-27T13:28:47","guid":{"rendered":"https:\/\/agora.xtec.cat\/iesmontbui\/?p=11143"},"modified":"2025-03-27T14:29:00","modified_gmt":"2025-03-27T13:29:00","slug":"lalfabet-divi","status":"publish","type":"post","link":"https:\/\/agora.xtec.cat\/iesmontbui\/eso\/eso-3\/lalfabet-divi\/","title":{"rendered":"L&#8217;alfabet div\u00ed"},"content":{"rendered":"<p>L\u2019alumnat del <strong>projecte de Cultura Cl\u00e0ssica<\/strong> del tercer d&#8217;ESO ha dut a terme diversos projectes durant el curs. Un d&#8217;aquests s&#8217;ha basat en la pr\u00e0ctica tan de l<strong>&#8216;escriptura com de pron\u00fancia de l\u2019alfabet grec<\/strong>. Com explica la professora Laura Costa, &#8220;pretenem que s\u00e0piguen que a Europa, i concretament, a Gr\u00e8cia, es fa servir avui en dia un alfabet diferent del que ens ha transm\u00e8s la llengua llatina. I aix\u00ed ho han pogut constatar buscant en la premsa grega una portada d\u2019un diari de Gr\u00e8cia, que ens presenta les grafies de la seva\u00a0 llengua viva i actual\u00a0 amb m\u00e9s traject\u00f2ria hist\u00f2rica d\u2019Europa&#8221;.<\/p>\n<p><a href=\"https:\/\/agora.xtec.cat\/iesmontbui\/wp-content\/uploads\/usu145\/2025\/03\/20250205_103907.jpg\"><img loading=\"lazy\" decoding=\"async\" class=\" wp-image-11144 aligncenter\" src=\"https:\/\/agora.xtec.cat\/iesmontbui\/wp-content\/uploads\/usu145\/2025\/03\/20250205_103907-300x300.jpg\" alt=\"\" width=\"210\" height=\"210\" srcset=\"https:\/\/agora.xtec.cat\/iesmontbui\/wp-content\/uploads\/usu145\/2025\/03\/20250205_103907-300x300.jpg 300w, https:\/\/agora.xtec.cat\/iesmontbui\/wp-content\/uploads\/usu145\/2025\/03\/20250205_103907-1024x1024.jpg 1024w, https:\/\/agora.xtec.cat\/iesmontbui\/wp-content\/uploads\/usu145\/2025\/03\/20250205_103907-150x150.jpg 150w, https:\/\/agora.xtec.cat\/iesmontbui\/wp-content\/uploads\/usu145\/2025\/03\/20250205_103907-768x768.jpg 768w, https:\/\/agora.xtec.cat\/iesmontbui\/wp-content\/uploads\/usu145\/2025\/03\/20250205_103907-1536x1536.jpg 1536w, https:\/\/agora.xtec.cat\/iesmontbui\/wp-content\/uploads\/usu145\/2025\/03\/20250205_103907.jpg 1785w\" sizes=\"auto, (max-width: 210px) 100vw, 210px\" \/><\/a><\/p>\n<p><strong>Astrologia i Mitologia <\/strong><\/p>\n<p>En el mateix projecte de tercer d\u2019ESO, l&#8217;alumnat tamb\u00e9 ha pogut veure la <strong>relaci\u00f3 que existeix entre els noms de les divinitats grecorromanes i els planetes del sistema solar. <\/strong>I \u00e9s que el cel que cobreix la terra \u00e9s ple d\u2019estrelles que conformen constel.lacions, i que estan lligades amb la mitologia. Aix\u00ed s\u2019ha enlla\u00e7at la part d\u2019astrologia amb la mitologia. &#8220;A classe hem fet l\u2019explicaci\u00f3 d\u2019una carta natal d\u2019una persona del nostre grup explicant les parts que hi ha en com\u00fa en els planetes i la influ\u00e8ncia que representen en la fotografia del cel en el moment del naixement. Hem vist qu\u00e8 signifiquen l\u2019ascendent, les XII cases i les forces dels planetes en elles&#8221;, explica Costa.<\/p>\n<p><a href=\"https:\/\/agora.xtec.cat\/iesmontbui\/wp-content\/uploads\/usu145\/2025\/03\/Roda-zodiacal_page-0001.jpg\"><img loading=\"lazy\" decoding=\"async\" class=\" wp-image-11145 aligncenter\" src=\"https:\/\/agora.xtec.cat\/iesmontbui\/wp-content\/uploads\/usu145\/2025\/03\/Roda-zodiacal_page-0001-212x300.jpg\" alt=\"\" width=\"316\" height=\"304\" \/><\/a><\/p>\n<p>&nbsp;<\/p>\n","protected":false},"excerpt":{"rendered":"<p>L\u2019alumnat del projecte de Cultura Cl\u00e0ssica del tercer d&#8217;ESO ha dut a terme diversos projectes durant el curs. Un d&#8217;aquests s&#8217;ha basat en la pr\u00e0ctica tan de l&#8216;escriptura com de pron\u00fancia de l\u2019alfabet grec. Com explica la professora Laura Costa, &#8220;pretenem que s\u00e0piguen que a&hellip;  <a href=\"https:\/\/agora.xtec.cat\/iesmontbui\/eso\/eso-3\/lalfabet-divi\/\" title=\"Read L&#8217;alfabet div\u00ed\">Llegeix m\u00e9s\u00bb<\/a><\/p>\n","protected":false},"author":66,"featured_media":11146,"comment_status":"open","ping_status":"closed","sticky":false,"template":"","format":"standard","meta":{"_bbp_topic_count":0,"_bbp_reply_count":0,"_bbp_total_topic_count":0,"_bbp_total_reply_count":0,"_bbp_voice_count":0,"_bbp_anonymous_reply_count":0,"_bbp_topic_count_hidden":0,"_bbp_reply_count_hidden":0,"_bbp_forum_subforum_count":0,"footnotes":""},"categories":[125,6,29,1038],"tags":[1224,1221,1225,1223,1222],"class_list":["post-11143","post","type-post","status-publish","format-standard","has-post-thumbnail","hentry","category-depllengues","category-eso-3","category-portada","category-projectes","tag-astrologia","tag-cultura-classica","tag-divinitats-grecorromanes","tag-laura-costa","tag-projecte-cultura-classica"],"post_mailing_queue_ids":[],"_links":{"self":[{"href":"https:\/\/agora.xtec.cat\/iesmontbui\/wp-json\/wp\/v2\/posts\/11143","targetHints":{"allow":["GET"]}}],"collection":[{"href":"https:\/\/agora.xtec.cat\/iesmontbui\/wp-json\/wp\/v2\/posts"}],"about":[{"href":"https:\/\/agora.xtec.cat\/iesmontbui\/wp-json\/wp\/v2\/types\/post"}],"author":[{"embeddable":true,"href":"https:\/\/agora.xtec.cat\/iesmontbui\/wp-json\/wp\/v2\/users\/66"}],"replies":[{"embeddable":true,"href":"https:\/\/agora.xtec.cat\/iesmontbui\/wp-json\/wp\/v2\/comments?post=11143"}],"version-history":[{"count":1,"href":"https:\/\/agora.xtec.cat\/iesmontbui\/wp-json\/wp\/v2\/posts\/11143\/revisions"}],"predecessor-version":[{"id":11147,"href":"https:\/\/agora.xtec.cat\/iesmontbui\/wp-json\/wp\/v2\/posts\/11143\/revisions\/11147"}],"wp:featuredmedia":[{"embeddable":true,"href":"https:\/\/agora.xtec.cat\/iesmontbui\/wp-json\/wp\/v2\/media\/11146"}],"wp:attachment":[{"href":"https:\/\/agora.xtec.cat\/iesmontbui\/wp-json\/wp\/v2\/media?parent=11143"}],"wp:term":[{"taxonomy":"category","embeddable":true,"href":"https:\/\/agora.xtec.cat\/iesmontbui\/wp-json\/wp\/v2\/categories?post=11143"},{"taxonomy":"post_tag","embeddable":true,"href":"https:\/\/agora.xtec.cat\/iesmontbui\/wp-json\/wp\/v2\/tags?post=11143"}],"curies":[{"name":"wp","href":"https:\/\/api.w.org\/{rel}","templated":true}]}}